{"id":926,"date":"2026-05-25T01:41:26","date_gmt":"2026-05-25T01:41:26","guid":{"rendered":"https:\/\/silvadaily.com\/?p=926"},"modified":"2026-05-25T01:42:23","modified_gmt":"2026-05-25T01:42:23","slug":"quelques-faits-interessants-sur-les-professions-de-demain-les-emplois-qui-pourraient-apparaitre-dans-les-prochaines-annees","status":"publish","type":"post","link":"https:\/\/silvadaily.com\/fr\/quelques-faits-interessants-sur-les-professions-de-demain-les-emplois-qui-pourraient-apparaitre-dans-les-prochaines-annees\/","title":{"rendered":"Quelques faits int\u00e9ressants sur les professions de demain\u00a0: les emplois qui pourraient appara\u00eetre dans les prochaines ann\u00e9es."},"content":{"rendered":"<p class=\"wp-block-paragraph\">Le march\u00e9 du travail a toujours \u00e9volu\u00e9 au cours de l&#039;histoire. Des professions autrefois courantes ont disparu, tandis que d&#039;autres ont \u00e9merg\u00e9 avec les nouvelles technologies, les changements sociaux et les transformations \u00e9conomiques. Aujourd&#039;hui, nous vivons une nouvelle transition majeure, impuls\u00e9e par l&#039;intelligence artificielle, l&#039;automatisation, le d\u00e9veloppement durable, le vieillissement de la population, l&#039;explosion des donn\u00e9es et la num\u00e9risation de la quasi-totalit\u00e9 des secteurs.<\/p>\n\n\n\n<p class=\"wp-block-paragraph\">D\u2019apr\u00e8s le Forum \u00e9conomique mondial, les transformations technologiques, d\u00e9mographiques, \u00e9conomiques et environnementales devraient entra\u00eener d\u2019importantes restructurations du monde du travail d\u2019ici 2030, avec la cr\u00e9ation de millions de nouveaux emplois et la suppression ou la modification d\u2019autres. Le rapport estime \u00e0 170 millions le nombre de nouveaux emplois et \u00e0 92 millions le nombre de fonctions supprim\u00e9es, ce qui se traduirait par une augmentation nette de 78 millions d\u2019emplois.<\/p>\n\n\n\n<p class=\"wp-block-paragraph\">Dans cet article, vous d\u00e9couvrirez des faits int\u00e9ressants sur les professions de l&#039;avenir et les emplois qui pourraient prendre de l&#039;importance dans les ann\u00e9es \u00e0 venir.<\/p>\n\n\n\n<h2 class=\"wp-block-heading\">Sp\u00e9cialiste en intelligence artificielle appliqu\u00e9e.<\/h2>\n\n\n\n<p class=\"wp-block-paragraph\">L&#039;intelligence artificielle est d\u00e9j\u00e0 pr\u00e9sente dans les applications, les entreprises, les \u00e9coles, les h\u00f4pitaux, les banques et les plateformes num\u00e9riques. \u00c0 l&#039;avenir, il ne suffira plus de cr\u00e9er des mod\u00e8les d&#039;IA. Il sera de plus en plus n\u00e9cessaire d&#039;appliquer cette technologie \u00e0 des probl\u00e8mes concrets.<\/p>\n\n\n\n<p class=\"wp-block-paragraph\">Un expert en intelligence artificielle appliqu\u00e9e peut aider les entreprises \u00e0 utiliser l&#039;IA pour am\u00e9liorer le service client, analyser les donn\u00e9es, automatiser les t\u00e2ches, cr\u00e9er des produits, personnaliser les services et r\u00e9duire les co\u00fbts.<\/p>\n\n\n\n<p class=\"wp-block-paragraph\">Ce m\u00e9tier exigera des comp\u00e9tences techniques, mais aussi un sens aigu des affaires. En effet, le d\u00e9fi ne consistera pas seulement \u00e0 savoir utiliser un outil, mais aussi \u00e0 comprendre dans quel contexte il est r\u00e9ellement pertinent.<\/p>\n\n\n\n<h2 class=\"wp-block-heading\">Curateur de contenu g\u00e9n\u00e9r\u00e9 par l&#039;IA<\/h2>\n\n\n\n<p class=\"wp-block-paragraph\">Avec la popularisation des textes, images, vid\u00e9os, musiques et pr\u00e9sentations cr\u00e9\u00e9es par l&#039;intelligence artificielle, la demande de professionnels capables d&#039;examiner, de s\u00e9lectionner et d&#039;am\u00e9liorer ce contenu va augmenter.<\/p>\n\n\n\n<p class=\"wp-block-paragraph\">Le responsable du contenu g\u00e9n\u00e9r\u00e9 par l&#039;IA sera charg\u00e9 d&#039;\u00e9valuer la qualit\u00e9, de corriger les erreurs, d&#039;adapter le langage, de v\u00e9rifier les informations, de garantir l&#039;originalit\u00e9 et d&#039;adapter les contenus au public cible.<\/p>\n\n\n\n<p class=\"wp-block-paragraph\">Ce m\u00e9tier peut s&#039;av\u00e9rer important dans le marketing, l&#039;\u00e9ducation, le journalisme, la publicit\u00e9 et le divertissement. Son int\u00e9r\u00eat r\u00e9side dans l&#039;alliance de la technologie et du discernement humain. L&#039;IA peut produire rapidement, mais l&#039;intervention humaine reste indispensable pour d\u00e9terminer ce qui est v\u00e9ritablement bon, fiable et appropri\u00e9.<\/p>\n\n\n\n<h2 class=\"wp-block-heading\">formateur de mod\u00e8les d&#039;IA<\/h2>\n\n\n\n<p class=\"wp-block-paragraph\">Un autre m\u00e9tier li\u00e9 \u00e0 l&#039;intelligence artificielle est celui de formateur de mod\u00e8les. Ce professionnel aide les syst\u00e8mes intelligents \u00e0 mieux r\u00e9agir, \u00e0 reconna\u00eetre des sch\u00e9mas, \u00e0 \u00e9viter les erreurs et \u00e0 s&#039;adapter \u00e0 des contextes sp\u00e9cifiques.<\/p>\n\n\n\n<p class=\"wp-block-paragraph\">Cela peut impliquer la cr\u00e9ation d&#039;exemples, l&#039;\u00e9valuation des r\u00e9ponses, l&#039;analyse des donn\u00e9es et le test des comportements. Dans des domaines tels que la sant\u00e9, le droit, la finance et l&#039;\u00e9ducation, ce travail peut s&#039;av\u00e9rer encore plus important, car les erreurs peuvent avoir de graves cons\u00e9quences.<\/p>\n\n\n\n<p class=\"wp-block-paragraph\">Les formateurs en IA ne sont pas forc\u00e9ment des programmeurs. Bien souvent, des sp\u00e9cialistes de chaque domaine peuvent apprendre aux syst\u00e8mes \u00e0 mieux fonctionner dans leurs contextes sp\u00e9cifiques.<\/p>\n\n\n\n<h2 class=\"wp-block-heading\">sp\u00e9cialiste de l&#039;\u00e9thique et de la s\u00e9curit\u00e9 de l&#039;IA<\/h2>\n\n\n\n<p class=\"wp-block-paragraph\">Plus l&#039;intelligence artificielle influencera les d\u00e9cisions, plus le besoin de professionnels soucieux d&#039;\u00e9thique, de transparence et de s\u00e9curit\u00e9 se fera sentir.<\/p>\n\n\n\n<p class=\"wp-block-paragraph\">Un sp\u00e9cialiste de l&#039;\u00e9thique de l&#039;IA peut \u00e9valuer si un syst\u00e8me est \u00e9quitable, respectueux de la vie priv\u00e9e, non discriminatoire et si ses d\u00e9cisions sont justifiables. Il peut \u00e9galement aider les entreprises \u00e0 \u00e9laborer des politiques responsables pour l&#039;utilisation de cette technologie.<\/p>\n\n\n\n<p class=\"wp-block-paragraph\">Ce type de profession devrait se d\u00e9velopper car l&#039;IA soul\u00e8ve des questions sensibles\u00a0: qui est responsable en cas d&#039;erreur\u00a0? Comment prot\u00e9ger les donn\u00e9es personnelles\u00a0? Comment \u00e9viter les biais\u00a0? Comment garantir que la technologie profite aux individus sans leur causer de pr\u00e9judice\u00a0?<\/p>\n\n\n\n<h2 class=\"wp-block-heading\">analyste de donn\u00e9es et de m\u00e9gadonn\u00e9es<\/h2>\n\n\n\n<p class=\"wp-block-paragraph\">Le monde produit chaque jour une quantit\u00e9 gigantesque de donn\u00e9es. Le commerce en ligne, les r\u00e9seaux sociaux, les capteurs, les applications, les banques, les h\u00f4pitaux, les industries et les gouvernements g\u00e9n\u00e8rent constamment des informations.<\/p>\n\n\n\n<p class=\"wp-block-paragraph\">Par cons\u00e9quent, les professionnels capables d&#039;interpr\u00e9ter les donn\u00e9es resteront tr\u00e8s recherch\u00e9s. Le Forum \u00e9conomique mondial souligne que les sp\u00e9cialistes du big data, de la fintech, de l&#039;intelligence artificielle et de la s\u00e9curit\u00e9 sont des m\u00e9tiers qui conna\u00eetront une croissance acc\u00e9l\u00e9r\u00e9e d&#039;ici \u00e0 2030.<\/p>\n\n\n\n<p class=\"wp-block-paragraph\">L&#039;analyste de donn\u00e9es de demain ne se contentera pas de cr\u00e9er des rapports. Il aidera les entreprises \u00e0 prendre de meilleures d\u00e9cisions, \u00e0 pr\u00e9dire les tendances, \u00e0 comprendre leurs clients, \u00e0 r\u00e9duire le gaspillage et \u00e0 identifier les opportunit\u00e9s.<\/p>\n\n\n\n<h2 class=\"wp-block-heading\">expert en cybers\u00e9curit\u00e9<\/h2>\n\n\n\n<p class=\"wp-block-paragraph\">Plus notre vie se num\u00e9rise, plus le risque de cyberattaques augmente. Entreprises, gouvernements et particuliers d\u00e9pendent des syst\u00e8mes en ligne pour stocker argent, documents, conversations, donn\u00e9es personnelles et informations strat\u00e9giques.<\/p>\n\n\n\n<p class=\"wp-block-paragraph\">Les sp\u00e9cialistes en cybers\u00e9curit\u00e9 seront de plus en plus indispensables pour prot\u00e9ger les r\u00e9seaux, les applications, les appareils, les bases de donn\u00e9es et les syst\u00e8mes d&#039;entreprise. Ils seront \u00e9galement en mesure d&#039;enqu\u00eater sur les attaques, d&#039;\u00e9laborer des politiques de s\u00e9curit\u00e9 et de former les \u00e9quipes.<\/p>\n\n\n\n<p class=\"wp-block-paragraph\">Ce secteur devrait conna\u00eetre une croissance importante en raison de la sophistication croissante des arnaques num\u00e9riques. \u00c0 l&#039;avenir, la protection des donn\u00e9es sera aussi importante que la protection des biens mat\u00e9riels.<\/p>\n\n\n\n<h2 class=\"wp-block-heading\">Technicien en \u00e9nergies propres<\/h2>\n\n\n\n<p class=\"wp-block-paragraph\">La transition \u00e9nerg\u00e9tique devrait cr\u00e9er de nouvelles opportunit\u00e9s dans des domaines tels que l&#039;\u00e9nergie solaire, l&#039;\u00e9nergie \u00e9olienne, les batteries, les r\u00e9seaux intelligents et les infrastructures de transport d&#039;\u00e9lectricit\u00e9.<\/p>\n\n\n\n<p class=\"wp-block-paragraph\">Les m\u00e9tiers li\u00e9s \u00e0 l&#039;installation, \u00e0 la maintenance et \u00e0 l&#039;exploitation des syst\u00e8mes d&#039;\u00e9nergie propre sont promis \u00e0 une forte croissance. Des rapports r\u00e9cents soulignent que le d\u00e9veloppement des centres de donn\u00e9es, des \u00e9nergies renouvelables et des r\u00e9seaux \u00e9lectriques accro\u00eet la demande d&#039;\u00e9lectriciens, de techniciens de transport d&#039;\u00e9lectricit\u00e9, d&#039;installateurs et de personnel sp\u00e9cialis\u00e9 dans les infrastructures \u00e9nerg\u00e9tiques.<\/p>\n\n\n\n<p class=\"wp-block-paragraph\">Voici un point important \u00e0 prendre en compte\u00a0: tous les m\u00e9tiers de demain ne seront pas num\u00e9riques. Nombre d\u2019entre eux resteront li\u00e9s \u00e0 des activit\u00e9s techniques, manuelles et sp\u00e9cialis\u00e9es.<\/p>\n\n\n\n<h2 class=\"wp-block-heading\">Responsable du d\u00e9veloppement durable<\/h2>\n\n\n\n<p class=\"wp-block-paragraph\">Les entreprises sont soumises \u00e0 une forte pression pour r\u00e9duire leur impact environnemental, pr\u00e9server les ressources, diminuer leurs \u00e9missions et adopter des pratiques plus responsables. De ce fait, le r\u00f4le du responsable du d\u00e9veloppement durable prend une importance croissante.<\/p>\n\n\n\n<p class=\"wp-block-paragraph\">Ce professionnel sera en mesure de travailler \u00e0 l&#039;\u00e9laboration de plans visant \u00e0 r\u00e9duire les d\u00e9chets, \u00e0 am\u00e9liorer la consommation d&#039;\u00e9nergie, \u00e0 \u00e9valuer les fournisseurs, \u00e0 suivre les objectifs environnementaux et \u00e0 communiquer les r\u00e9sultats.<\/p>\n\n\n\n<p class=\"wp-block-paragraph\">Ce poste exige une connaissance de l&#039;environnement, de la l\u00e9gislation, des processus de production et de la strat\u00e9gie d&#039;entreprise. \u00c0 l&#039;avenir, le d\u00e9veloppement durable ne sera plus seulement un argument marketing, mais un \u00e9l\u00e9ment central de la gestion.<\/p>\n\n\n\n<h2 class=\"wp-block-heading\">professionnel de la sant\u00e9 num\u00e9rique<\/h2>\n\n\n\n<p class=\"wp-block-paragraph\">Le secteur de la sant\u00e9 est lui aussi en pleine transformation. La t\u00e9l\u00e9m\u00e9decine, les applications de suivi, les dossiers m\u00e9dicaux num\u00e9riques, l&#039;intelligence artificielle dans les examens et les dispositifs portables modifient la relation entre patients et professionnels de sant\u00e9.<\/p>\n\n\n\n<p class=\"wp-block-paragraph\">Des r\u00f4les pourraient \u00e9merger en lien avec la surveillance \u00e0 distance des patients, l&#039;analyse des donn\u00e9es de sant\u00e9, la coordination des soins num\u00e9riques et l&#039;int\u00e9gration entre la technologie et les soins humains.<\/p>\n\n\n\n<p class=\"wp-block-paragraph\">Les projections du Bureau des statistiques du travail indiquent que les secteurs de la sant\u00e9 et des services sociaux devraient \u00eatre un moteur important de la croissance de l&#039;emploi aux \u00c9tats-Unis entre 2024 et 2034, en particulier dans les professions li\u00e9es aux soins de sant\u00e9 et \u00e0 la gestion.<\/p>\n\n\n\n<p class=\"wp-block-paragraph\">Ce mouvement refl\u00e8te \u00e9galement une tendance mondiale : le vieillissement des populations n\u00e9cessitera davantage de soins, de technologies et de soutien.<\/p>\n\n\n\n<h2 class=\"wp-block-heading\">Concepteur d&#039;exp\u00e9riences immersives<\/h2>\n\n\n\n<p class=\"wp-block-paragraph\">Avec le d\u00e9veloppement de la r\u00e9alit\u00e9 virtuelle, de la r\u00e9alit\u00e9 augment\u00e9e et des environnements num\u00e9riques, de nouveaux m\u00e9tiers pourraient \u00e9merger dans la cr\u00e9ation d&#039;exp\u00e9riences immersives.<\/p>\n\n\n\n<p class=\"wp-block-paragraph\">Ce professionnel sera capable de d\u00e9velopper des programmes de formation, des \u00e9v\u00e9nements, des cours, des jeux, des visites virtuelles, des simulations m\u00e9dicales, des exp\u00e9riences d&#039;achat et des environnements d&#039;entreprise num\u00e9riques.<\/p>\n\n\n\n<p class=\"wp-block-paragraph\">Ce qui est int\u00e9ressant, c&#039;est que ce r\u00f4le allie design, technologie, psychologie, narration et exp\u00e9rience utilisateur. Il ne suffit pas de cr\u00e9er quelque chose de visuellement attrayant\u00a0; il faut concevoir des environnements num\u00e9riques utiles, confortables et captivants.<\/p>\n\n\n\n<h2 class=\"wp-block-heading\">Sp\u00e9cialiste en \u00e9ducation personnalis\u00e9e<\/h2>\n\n\n\n<p class=\"wp-block-paragraph\">L&#039;\u00e9ducation de demain tend \u00e0 s&#039;adapter davantage au rythme de chaque \u00e9l\u00e8ve. Les plateformes num\u00e9riques, l&#039;intelligence artificielle et l&#039;analyse des donn\u00e9es peuvent aider \u00e0 identifier les difficult\u00e9s, \u00e0 sugg\u00e9rer des exercices et \u00e0 cr\u00e9er des parcours d&#039;apprentissage personnalis\u00e9s.<\/p>\n\n\n\n<p class=\"wp-block-paragraph\">Un sp\u00e9cialiste de l&#039;\u00e9ducation personnalis\u00e9e peut allier p\u00e9dagogie et technologie pour cr\u00e9er des m\u00e9thodes plus efficaces. Il aidera les \u00e9coles, les formations et les entreprises \u00e0 d\u00e9velopper des exp\u00e9riences d&#039;apprentissage sur mesure.<\/p>\n\n\n\n<p class=\"wp-block-paragraph\">Ce m\u00e9tier peut \u00eatre important non seulement pour les enfants et les jeunes, mais aussi pour les adultes qui auront besoin de se reconvertir tout au long de leur vie.<\/p>\n\n\n\n<h2 class=\"wp-block-heading\">Conclusion<\/h2>\n\n\n\n<p class=\"wp-block-paragraph\">Les m\u00e9tiers de demain montrent que le march\u00e9 du travail sera de plus en plus hybride. Certains emplois seront li\u00e9s \u00e0 l&#039;intelligence artificielle, aux donn\u00e9es et aux technologies. D&#039;autres se d\u00e9velopperont dans des domaines centr\u00e9s sur l&#039;humain, tels que la sant\u00e9, l&#039;\u00e9ducation, le d\u00e9veloppement durable et les soins.<\/p>\n\n\n\n<p class=\"wp-block-paragraph\">L&#039;essentiel est que de nombreuses professions n&#039;\u00e9mergeront pas de nulle part, mais de la transformation des emplois actuels. Les m\u00e9decins, les enseignants, les concepteurs, les techniciens, les gestionnaires et les analystes continueront d&#039;exister, mais ils utiliseront de nouveaux outils et devront acqu\u00e9rir de nouvelles comp\u00e9tences.<\/p>\n\n\n\n<p class=\"wp-block-paragraph\">Pour s&#039;y pr\u00e9parer, il sera essentiel de cultiver l&#039;apprentissage continu, l&#039;esprit critique, la cr\u00e9ativit\u00e9, l&#039;adaptabilit\u00e9, la communication et la ma\u00eetrise des technologies. L&#039;avenir du travail ne reposera pas uniquement sur les machines, mais aussi sur les personnes capables d&#039;utiliser de nouveaux outils pour r\u00e9soudre des probl\u00e8mes concrets.<\/p>","protected":false},"excerpt":{"rendered":"<p>O mercado de trabalho sempre mudou ao longo da hist\u00f3ria. Profiss\u00f5es que eram comuns no passado desapareceram, enquanto outras surgiram com novas tecnologias, mudan\u00e7as sociais e transforma\u00e7\u00f5es econ\u00f4micas. Hoje, estamos vivendo mais uma grande transi\u00e7\u00e3o, impulsionada pela intelig\u00eancia artificial, pela automa\u00e7\u00e3o, pela sustentabilidade, pelo envelhecimento da popula\u00e7\u00e3o, pela expans\u00e3o dos dados e pela digitaliza\u00e7\u00e3o de [&hellip;]<\/p>\n","protected":false},"author":1,"featured_media":927,"comment_status":"open","ping_status":"open","sticky":false,"template":"","format":"standard","meta":{"footnotes":""},"categories":[31],"tags":[],"class_list":["post-926","post","type-post","status-publish","format-standard","has-post-thumbnail","category-curiosidades"],"_links":{"self":[{"href":"https:\/\/silvadaily.com\/fr\/wp-json\/wp\/v2\/posts\/926","targetHints":{"allow":["GET"]}}],"collection":[{"href":"https:\/\/silvadaily.com\/fr\/wp-json\/wp\/v2\/posts"}],"about":[{"href":"https:\/\/silvadaily.com\/fr\/wp-json\/wp\/v2\/types\/post"}],"author":[{"embeddable":true,"href":"https:\/\/silvadaily.com\/fr\/wp-json\/wp\/v2\/users\/1"}],"replies":[{"embeddable":true,"href":"https:\/\/silvadaily.com\/fr\/wp-json\/wp\/v2\/comments?post=926"}],"version-history":[{"count":1,"href":"https:\/\/silvadaily.com\/fr\/wp-json\/wp\/v2\/posts\/926\/revisions"}],"predecessor-version":[{"id":928,"href":"https:\/\/silvadaily.com\/fr\/wp-json\/wp\/v2\/posts\/926\/revisions\/928"}],"wp:featuredmedia":[{"embeddable":true,"href":"https:\/\/silvadaily.com\/fr\/wp-json\/wp\/v2\/media\/927"}],"wp:attachment":[{"href":"https:\/\/silvadaily.com\/fr\/wp-json\/wp\/v2\/media?parent=926"}],"wp:term":[{"taxonomy":"category","embeddable":true,"href":"https:\/\/silvadaily.com\/fr\/wp-json\/wp\/v2\/categories?post=926"},{"taxonomy":"post_tag","embeddable":true,"href":"https:\/\/silvadaily.com\/fr\/wp-json\/wp\/v2\/tags?post=926"}],"curies":[{"name":"wp","href":"https:\/\/api.w.org\/{rel}","templated":true}]}}