{"id":1014,"date":"2026-05-25T21:42:33","date_gmt":"2026-05-25T21:42:33","guid":{"rendered":"https:\/\/silvadaily.com\/?p=1014"},"modified":"2026-05-25T21:42:35","modified_gmt":"2026-05-25T21:42:35","slug":"super-apps-por-que-aplicativos-querem-reunir-tudo-em-um-so-lugar","status":"publish","type":"post","link":"https:\/\/silvadaily.com\/hu\/super-apps-por-que-aplicativos-querem-reunir-tudo-em-um-so-lugar\/","title":{"rendered":"Szuperalkalmaz\u00e1sok: mi\u00e9rt akarnak az alkalmaz\u00e1sok mindent egy helyre gy\u0171jteni?"},"content":{"rendered":"<p class=\"wp-block-paragraph\">A szuperalkalmaz\u00e1sok egyre n\u00e9pszer\u0171bbek a digit\u00e1lis vil\u00e1gban. Az \u00f6tlet egyszer\u0171: ahelyett, hogy a felhaszn\u00e1l\u00f3k t\u00f6bb alkalmaz\u00e1st is megnyitn\u00e1nak cseveg\u00e9sre, sz\u00e1ml\u00e1k fizet\u00e9s\u00e9re, \u00e9telrendel\u00e9sre, term\u00e9kek v\u00e1s\u00e1rl\u00e1s\u00e1ra, utaz\u00e1si ig\u00e9nyl\u00e9sre, tartalmak megtekint\u00e9s\u00e9re \u00e9s szolg\u00e1ltat\u00e1sok el\u00e9r\u00e9s\u00e9re, minden egyetlen platformon jelenik meg. Mintha egy alkalmaz\u00e1s megsz\u0171nne puszt\u00e1n eszk\u00f6z lenni, \u00e9s egy teljes \u00f6kosziszt\u00e9m\u00e1v\u00e1 alakulna.<\/p>\n\n\n\n<p class=\"wp-block-paragraph\">Ez a modell nagyon ismertt\u00e9 v\u00e1lt \u00c1zsi\u00e1ban, k\u00fcl\u00f6n\u00f6sen olyan platformoknak k\u00f6sz\u00f6nhet\u0151en, mint a WeChat, az Alipay, a Grab, a Gojek, a KakaoTalk \u00e9s a LINE. A leg\u00fajabb tanulm\u00e1nyok a szuperalkalmaz\u00e1sokat olyan alkalmaz\u00e1sokk\u00e9nt defini\u00e1lj\u00e1k, amelyek egyetlen mobil\u00e9lm\u00e9nyen bel\u00fcl t\u00f6bb szolg\u00e1ltat\u00e1shoz val\u00f3 hozz\u00e1f\u00e9r\u00e9st tesznek lehet\u0151v\u00e9, egy helyen egyes\u00edtve a fizet\u00e9seket, a kommunik\u00e1ci\u00f3t, a kereskedelmet, a k\u00f6zleked\u00e9st \u00e9s egy\u00e9b er\u0151forr\u00e1sokat.<\/p>\n\n\n\n<p class=\"wp-block-paragraph\">De mi\u00e9rt akar annyi v\u00e1llalat ezt az utat v\u00e1lasztani? A v\u00e1lasz a felhaszn\u00e1l\u00f3i k\u00e9nyelem, a t\u00f6bb haszn\u00e1lati id\u0151, az adatforgalom, a digit\u00e1lis fizet\u00e9sek \u00e9s az \u00faj p\u00e9nzkereseti m\u00f3dok k\u00e9rd\u00e9se.<\/p>\n\n\n\n<h2 class=\"wp-block-heading\">Mi az a szuperalkalmaz\u00e1s?<\/h2>\n\n\n\n<p class=\"wp-block-paragraph\">A szuperalkalmaz\u00e1s egy olyan alkalmaz\u00e1s, amely t\u00f6bb szolg\u00e1ltat\u00e1st koncentr\u00e1l egyetlen platformon. Kezdetben \u00fczenetk\u00fcld\u0151 alkalmaz\u00e1sk\u00e9nt, digit\u00e1lis bankk\u00e9nt, k\u00e9zbes\u00edt\u00e9si szolg\u00e1ltat\u00e1sk\u00e9nt, sz\u00e1ll\u00edt\u00e1si szolg\u00e1ltat\u00e1sk\u00e9nt vagy k\u00f6z\u00f6ss\u00e9gi h\u00e1l\u00f3zatk\u00e9nt is m\u0171k\u00f6dhet, de k\u00e9s\u0151bb m\u00e1s funkci\u00f3kat is k\u00edn\u00e1lhat.<\/p>\n\n\n\n<p class=\"wp-block-paragraph\">Klasszikus p\u00e9lda erre a WeChat, amely \u00fczenetk\u00fcld\u0151 alkalmaz\u00e1sk\u00e9nt indult, majd fizet\u00e9si, mini-programos, v\u00e1s\u00e1rl\u00e1si, foglal\u00e1si, k\u00f6zszolg\u00e1ltat\u00e1si, j\u00e1t\u00e9k-, tartalom- \u00e9s m\u00e1rkat\u00e1mogat\u00e1si k\u00f6rnyezett\u00e9 alakult. A mini-programok lehet\u0151v\u00e9 teszik az alkalmaz\u00e1sszer\u0171 \u00e9lm\u00e9nyekhez val\u00f3 hozz\u00e1f\u00e9r\u00e9st mag\u00e1n a WeChat-en bel\u00fcl, k\u00fcl\u00f6n alkalmaz\u00e1s let\u00f6lt\u00e9se n\u00e9lk\u00fcl.<\/p>\n\n\n\n<p class=\"wp-block-paragraph\">Ez a szuperalkalmaz\u00e1sok m\u00f6g\u00f6tti k\u00f6zponti logika: cs\u00f6kkenteni a sok alkalmaz\u00e1s k\u00f6z\u00f6tti v\u00e1lt\u00e1s sz\u00fcks\u00e9gess\u00e9g\u00e9t. A felhaszn\u00e1l\u00f3 egyetlen platformon l\u00e9p be, \u00e9s k\u00fcl\u00f6nb\u00f6z\u0151 napi feladatokat kezel.<\/p>\n\n\n\n<h2 class=\"wp-block-heading\">A k\u00e9nyelem a f\u0151 vonzer\u0151.<\/h2>\n\n\n\n<p class=\"wp-block-paragraph\">A felhaszn\u00e1l\u00f3 sz\u00e1m\u00e1ra egy szuperalkalmaz\u00e1s nagy el\u0151nye a k\u00e9nyelme. Ahelyett, hogy egy alkalmaz\u00e1st kellene megnyitni fizet\u00e9shez, egy m\u00e1sikat \u00e9telrendel\u00e9shez, egy harmadikat cseveg\u00e9shez \u00e9s egy harmadikat v\u00e1s\u00e1rl\u00e1shoz, minden integr\u00e1lhat\u00f3.<\/p>\n\n\n\n<p class=\"wp-block-paragraph\">Ez a k\u00e9nyelem id\u0151t takar\u00edt meg \u00e9s cs\u00f6kkenti a s\u00farl\u00f3d\u00e1st. Ha a felhaszn\u00e1l\u00f3 az alkalmaz\u00e1son bel\u00fcl kommunik\u00e1l egy \u00fczlettel, ugyanazon a rendszeren kereszt\u00fcl fizet, \u00e9s ott k\u00f6veti nyomon a kisz\u00e1ll\u00edt\u00e1st, az folyamat egyszer\u0171bb\u00e9 v\u00e1lik.<\/p>\n\n\n\n<p class=\"wp-block-paragraph\">Ez a logika k\u00fcl\u00f6n\u00f6sen er\u0151s azokon a piacokon, ahol sokan els\u0151sorban mobiltelefonjukon kereszt\u00fcl f\u00e9rnek hozz\u00e1 az internethez. Min\u00e9l kevesebb alkalmaz\u00e1st kell telep\u00edteni, jelsz\u00f3t megjegyezni \u00e9s konfigur\u00e1ci\u00f3t meg\u0151rizni, ann\u00e1l jobb az \u00e9lm\u00e9ny.<\/p>\n\n\n\n<p class=\"wp-block-paragraph\">A v\u00e1llalkoz\u00e1sok sz\u00e1m\u00e1ra a k\u00e9nyelem is strat\u00e9giai fontoss\u00e1g\u00fa. Egy olyan alkalmaz\u00e1st, amely az \u00e9let k\u00fcl\u00f6nb\u00f6z\u0151 ter\u00fcletein hasznos, nagyobb val\u00f3sz\u00edn\u0171s\u00e9ggel nyitnak meg minden nap.<\/p>\n\n\n\n<h2 class=\"wp-block-heading\">A c\u00e9gek hosszabb ideig szeretn\u00e9k megtartani a felhaszn\u00e1l\u00f3kat.<\/h2>\n\n\n\n<p class=\"wp-block-paragraph\">A szuperalkalmaz\u00e1sok egyik f\u0151 oka a figyelem. Min\u00e9l t\u00f6bb szolg\u00e1ltat\u00e1st k\u00edn\u00e1l egy alkalmaz\u00e1s, ann\u00e1l tov\u00e1bb marad vele a felhaszn\u00e1l\u00f3.<\/p>\n\n\n\n<p class=\"wp-block-paragraph\">Ha valaki ugyanazt az alkalmaz\u00e1st haszn\u00e1lja cseveg\u00e9sre, fizet\u00e9sre, v\u00e1s\u00e1rl\u00e1sra \u00e9s inform\u00e1ci\u00f3k szerz\u00e9s\u00e9re, a platform a rutin r\u00e9sz\u00e9v\u00e9 v\u00e1lik. Ez n\u00f6veli az alkalmaz\u00e1s \u00e9rt\u00e9k\u00e9t \u00e9s gyakorlati f\u00fcgg\u0151s\u00e9get teremt.<\/p>\n\n\n\n<p class=\"wp-block-paragraph\">A technol\u00f3giai v\u00e1llalatok sz\u00e1m\u00e1ra a haszn\u00e1lati id\u0151 fontos, mert \u00e9rt\u00e9kes\u00edt\u00e9si, hirdet\u00e9si, el\u0151fizet\u00e9si, p\u00e9nz\u00fcgyi szolg\u00e1ltat\u00e1si \u00e9s partners\u00e9gi lehet\u0151s\u00e9geket teremt. Az alkalmaz\u00e1s megsz\u0171nik puszt\u00e1n term\u00e9k lenni, \u00e9s \u00e1lland\u00f3 csatorn\u00e1v\u00e1 v\u00e1lik a fogyaszt\u00f3val val\u00f3 kapcsolat\u00e9p\u00edt\u00e9shez.<\/p>\n\n\n\n<p class=\"wp-block-paragraph\">Ez\u00e9rt pr\u00f3b\u00e1lj\u00e1k a k\u00f6z\u00f6ss\u00e9gi h\u00e1l\u00f3zatok, a digit\u00e1lis bankok, a k\u00f6zleked\u00e9si alkalmaz\u00e1sok \u00e9s a piacterek b\u0151v\u00edteni funkci\u00f3ikat. Minden \u00faj szolg\u00e1ltat\u00e1s n\u00f6veli annak es\u00e9ly\u00e9t, hogy a felhaszn\u00e1l\u00f3 az \u00f6kosziszt\u00e9m\u00e1n bel\u00fcl maradjon.<\/p>\n\n\n\n<h2 class=\"wp-block-heading\">A digit\u00e1lis fizet\u00e9sek a szuperalkalmaz\u00e1sok k\u00f6z\u00e9ppontj\u00e1ban \u00e1llnak.<\/h2>\n\n\n\n<p class=\"wp-block-paragraph\">Sz\u00e1mos szuperalkalmaz\u00e1s n\u00f6vekszik a digit\u00e1lis fizet\u00e9sek k\u00f6r\u00fcl. Amikor egy alkalmaz\u00e1s ir\u00e1ny\u00edtja a digit\u00e1lis p\u00e9nzt\u00e1rc\u00e1t, lehet\u0151v\u00e9 teheti a v\u00e1s\u00e1rl\u00e1sokat, \u00e1tutal\u00e1sokat, el\u0151fizet\u00e9seket, j\u00f3v\u00e1\u00edr\u00e1sokat, p\u00e9nzvisszat\u00e9r\u00edt\u00e9seket \u00e9s p\u00e9nz\u00fcgyi szolg\u00e1ltat\u00e1sokat.<\/p>\n\n\n\n<p class=\"wp-block-paragraph\">A WeChatben p\u00e9ld\u00e1ul az integr\u00e1lt fizet\u00e9si funkci\u00f3 \u00fczenetk\u00fcld\u00e9shez, miniprogramokhoz, kereskedelemhez \u00e9s szolg\u00e1ltat\u00e1sokhoz kapcsol\u00f3dik, z\u00f6kken\u0151mentes \u00e9lm\u00e9nyt teremtve.<\/p>\n\n\n\n<p class=\"wp-block-paragraph\">Ez az integr\u00e1ci\u00f3 az\u00e9rt hat\u00e9kony, mert kik\u00fcsz\u00f6b\u00f6li a l\u00e9p\u00e9seket. A felhaszn\u00e1l\u00f3 egy helyen megtal\u00e1lja a term\u00e9ket, besz\u00e9l a c\u00e9ggel, fizet, \u00e9s nyomon k\u00f6veti a szolg\u00e1ltat\u00e1st.<\/p>\n\n\n\n<p class=\"wp-block-paragraph\">Az alkalmaz\u00e1s sz\u00e1m\u00e1ra a fizet\u00e9sek \u00faj bev\u00e9teli forr\u00e1sokat nyitnak meg. A platform d\u00edjakon, hiteleken, c\u00e9lzott hirdet\u00e9seken, szem\u00e9lyre szabott aj\u00e1nlatokon \u00e9s p\u00e9nz\u00fcgyi szolg\u00e1ltat\u00e1sokon kereszt\u00fcl k\u00e9pes p\u00e9nzt keresni.<\/p>\n\n\n\n<h2 class=\"wp-block-heading\">A minialkalmaz\u00e1sok cs\u00f6kkentik az alkalmaz\u00e1sok let\u00f6lt\u00e9s\u00e9nek sz\u00fcks\u00e9gess\u00e9g\u00e9t.<\/h2>\n\n\n\n<p class=\"wp-block-paragraph\">Egy m\u00e1sik fontos elem a mini-alkalmaz\u00e1sok, vagy mini-programok. Ezek kis alkalmaz\u00e1sokk\u00e9nt m\u0171k\u00f6dnek egy nagyobb platformon bel\u00fcl.<\/p>\n\n\n\n<p class=\"wp-block-paragraph\">Ahelyett, hogy k\u00fcl\u00f6n alkalmaz\u00e1st t\u00f6ltene le egy \u00fczlethez, \u00e9tteremhez, k\u00f6zszolg\u00e1ltat\u00e1shoz vagy esem\u00e9nyhez, a felhaszn\u00e1l\u00f3 egy k\u00f6nny\u0171s\u00faly\u00fa verzi\u00f3hoz f\u00e9r hozz\u00e1 a szuperalkalmaz\u00e1son bel\u00fcl. Ez cs\u00f6kkenti az akad\u00e1lyokat \u00e9s megk\u00f6nny\u00edti a haszn\u00e1lat\u00e1t.<\/p>\n\n\n\n<p class=\"wp-block-paragraph\">Ez a trend a nagy glob\u00e1lis v\u00e1llalatok figyelm\u00e9t is felkeltette. 2025-ben az Apple bejelentette a mini-alkalmaz\u00e1sok kezdem\u00e9nyez\u00e9s\u00e9t, cs\u00f6kkentett jutal\u00e9kokkal az alkalmaz\u00e1son bel\u00fcli v\u00e1s\u00e1rl\u00e1sok\u00e9rt, ami a modell n\u00e9pszer\u0171s\u00e9g\u00e9hez kapcsol\u00f3dik olyan platformokon, mint a WeChat.<\/p>\n\n\n\n<p class=\"wp-block-paragraph\">A m\u00e1rk\u00e1k \u00e9s a fejleszt\u0151k sz\u00e1m\u00e1ra a minialkalmaz\u00e1sok lehet\u0151s\u00e9get jelenthetnek a felhaszn\u00e1l\u00f3k el\u00e9r\u00e9s\u00e9re an\u00e9lk\u00fcl, hogy a telefon kezd\u0151k\u00e9perny\u0151j\u00e9n elfoglalt hely\u00e9rt versenyezn\u00e9nek.<\/p>\n\n\n\n<h2 class=\"wp-block-heading\">Az adatok szem\u00e9lyre szabottabb\u00e1 teszik az \u00e9lm\u00e9nyt.<\/h2>\n\n\n\n<p class=\"wp-block-paragraph\">A szuperalkalmaz\u00e1sok rengeteg adatot gy\u0171jtenek a viselked\u00e9sr\u0151l is. Meg\u00e9rtik, hogy mit v\u00e1s\u00e1rol egy szem\u00e9ly, hov\u00e1 megy, milyen szolg\u00e1ltat\u00e1sokat haszn\u00e1l, hogyan fizet, milyen tartalmakat fogyaszt, \u00e9s mely m\u00e1rk\u00e1kkal l\u00e9p kapcsolatba.<\/p>\n\n\n\n<p class=\"wp-block-paragraph\">Ennek k\u00f6sz\u00f6nhet\u0151en a platform szem\u00e9lyre szabott aj\u00e1nl\u00e1sokat, prom\u00f3ci\u00f3kat, krediteket, hirdet\u00e9seket \u00e9s szolg\u00e1ltat\u00e1sokat tud k\u00edn\u00e1lni, amelyek jobban illeszkednek a felhaszn\u00e1l\u00f3 profilj\u00e1hoz.<\/p>\n\n\n\n<p class=\"wp-block-paragraph\">Ez a testreszab\u00e1s hasznos lehet, de agg\u00e1lyokat is felvet. Min\u00e9l t\u00f6bb szolg\u00e1ltat\u00e1s tal\u00e1lhat\u00f3 egyetlen alkalmaz\u00e1son bel\u00fcl, ann\u00e1l t\u00f6bb \u00e9rz\u00e9keny inform\u00e1ci\u00f3 koncentr\u00e1l\u00f3dik egyetlen v\u00e1llalatn\u00e1l.<\/p>\n\n\n\n<p class=\"wp-block-paragraph\">A WeChat miniprogramjainak \u00f6kosziszt\u00e9m\u00e1j\u00e1val kapcsolatos kutat\u00e1sok agg\u00e1lyokat vetnek fel a platformon bel\u00fcli harmadik f\u00e9lt\u0151l sz\u00e1rmaz\u00f3 szolg\u00e1ltat\u00e1sok tev\u00e9kenys\u00e9geinek nyomon k\u00f6vet\u00e9s\u00e9vel \u00e9s ellen\u0151rz\u00e9s\u00e9vel kapcsolatban.<\/p>\n\n\n\n<h2 class=\"wp-block-heading\">A szuperalkalmaz\u00e1soknak is vannak kock\u00e1zataik.<\/h2>\n\n\n\n<p class=\"wp-block-paragraph\">K\u00e9nyelm\u00fck ellen\u00e9re a szuperalkalmaz\u00e1sok nem csak pozit\u00edvak. Az egyik kock\u00e1zat a hatalom koncentr\u00e1ci\u00f3ja. Amikor egyetlen alkalmaz\u00e1s egyes\u00edti a kommunik\u00e1ci\u00f3t, a fizet\u00e9seket, a v\u00e1s\u00e1rl\u00e1st \u00e9s a szolg\u00e1ltat\u00e1sokat, az nagyon befoly\u00e1soss\u00e1 v\u00e1lik az emberek digit\u00e1lis \u00e9let\u00e9ben.<\/p>\n\n\n\n<p class=\"wp-block-paragraph\">Ha egy fi\u00f3kot blokkolnak, felt\u00f6rnek vagy felf\u00fcggesztenek, a felhaszn\u00e1l\u00f3 egyszerre sz\u00e1mos funkci\u00f3hoz val\u00f3 hozz\u00e1f\u00e9r\u00e9st vesz\u00edthet el. Fenn\u00e1ll a t\u00falzott adatgy\u0171jt\u00e9s, a tolakod\u00f3 hirdet\u00e9sek \u00e9s az \u00f6kosziszt\u00e9m\u00e1b\u00f3l val\u00f3 kil\u00e9p\u00e9s neh\u00e9zs\u00e9geinek kock\u00e1zata is.<\/p>\n\n\n\n<p class=\"wp-block-paragraph\">Egy m\u00e1sik szempont a verseny. Ha egy platform ellen\u0151rzi a hozz\u00e1f\u00e9r\u00e9st sz\u00e1mos szolg\u00e1ltat\u00e1shoz, a kisv\u00e1llalkoz\u00e1sok t\u00fals\u00e1gosan is f\u00fcgg\u0151v\u00e9 v\u00e1lhatnak t\u0151le az \u00fcgyfelek el\u00e9r\u00e9se \u00e9rdek\u00e9ben. Ez d\u00edjakhoz, szab\u00e1lyokhoz \u00e9s korl\u00e1toz\u00e1sokhoz vezethet, amelyeket a szuperalkalmaz\u00e1s tulajdonosa szabhat meg.<\/p>\n\n\n\n<p class=\"wp-block-paragraph\">Ez\u00e9rt ennek a modellnek a n\u00f6veked\u00e9se gyakran felkelti a szab\u00e1lyoz\u00f3 hat\u00f3s\u00e1gok, az adatv\u00e9delmi szak\u00e9rt\u0151k \u00e9s a versenyjogi aktivist\u00e1k figyelm\u00e9t.<\/p>\n\n\n\n<h2 class=\"wp-block-heading\">A Nyugat megpr\u00f3b\u00e1lja l\u00e9trehozni a saj\u00e1t szuperalkalmaz\u00e1sait.<\/h2>\n\n\n\n<p class=\"wp-block-paragraph\">B\u00e1r a szuperalkalmaz\u00e1sok legink\u00e1bb \u00c1zsi\u00e1ban n\u00f6vekedtek, m\u00e1s piacok v\u00e1llalatai is ezt az utat pr\u00f3b\u00e1lj\u00e1k k\u00f6vetni. Az OX, kor\u00e1bban Twitter, p\u00e9ld\u00e1ul m\u00e1r bejelentette, hogy \u201cmindent tartalmaz\u00f3 alkalmaz\u00e1ss\u00e1\u201d k\u00edv\u00e1n v\u00e1lni, amely egyes\u00edti a k\u00f6z\u00f6ss\u00e9gi h\u00e1l\u00f3zatokat, a fizet\u00e9seket \u00e9s egy\u00e9b szolg\u00e1ltat\u00e1sokat. 2025-ben a v\u00e1llalat partners\u00e9gre l\u00e9pett a Vis\u00e1val, hogy fizet\u00e9si megold\u00e1sokat fejlesszen ki a platformon bel\u00fcl.<\/p>\n\n\n\n<p class=\"wp-block-paragraph\">A nyugati vil\u00e1gban azonban a fejl\u0151d\u00e9s \u00e1ltal\u00e1ban nehezebb. Sok felhaszn\u00e1l\u00f3 m\u00e1r hozz\u00e1szokott a speci\u00e1lis alkalmaz\u00e1sokhoz. Ezenk\u00edv\u00fcl szigor\u00fabb szab\u00e1lyok vonatkoznak az adatv\u00e9delemre, a versenyre, a fizet\u00e9sekre \u00e9s az adatfelhaszn\u00e1l\u00e1sra.<\/p>\n\n\n\n<p class=\"wp-block-paragraph\">Ennek ellen\u00e9re az integr\u00e1ci\u00f3 fel\u00e9 ir\u00e1nyul\u00f3 trend tov\u00e1bbra is er\u0151s. A bankok piacterekk\u00e9 akarnak v\u00e1lni. A k\u00f6z\u00f6ss\u00e9gi h\u00e1l\u00f3zatok term\u00e9keket akarnak \u00e9rt\u00e9kes\u00edteni. A k\u00e9zbes\u00edt\u0151 alkalmaz\u00e1sok fizet\u00e9si lehet\u0151s\u00e9geket k\u00edn\u00e1lnak. A piacterek hitelt k\u00edn\u00e1lnak. Fokozatosan a k\u00fcl\u00f6nf\u00e9le alkalmaz\u00e1sok pr\u00f3b\u00e1lnak megk\u00f6zel\u00edteni a szuperalkalmaz\u00e1s-modellt.<\/p>\n\n\n\n<h2 class=\"wp-block-heading\">K\u00f6vetkeztet\u00e9s<\/h2>\n\n\n\n<p class=\"wp-block-paragraph\">A szuperalkalmaz\u00e1sok az\u00e9rt jelennek meg, mert a v\u00e1llalatok konszolid\u00e1lni akarj\u00e1k a szolg\u00e1ltat\u00e1sokat, n\u00f6velni a haszn\u00e1lati id\u0151t, ellen\u0151rizni a fizet\u00e9seket, adatokat gy\u0171jteni \u00e9s j\u00f6vedelmez\u0151bb \u00f6kosziszt\u00e9m\u00e1kat l\u00e9trehozni. A felhaszn\u00e1l\u00f3 sz\u00e1m\u00e1ra az \u00edg\u00e9ret a k\u00e9nyelem: t\u00f6bb feladat megold\u00e1sa egy helyen, kevesebb alkalmaz\u00e1ssal, kevesebb l\u00e9p\u00e9ssel \u00e9s nagyobb integr\u00e1ci\u00f3val.<\/p>\n\n\n\n<p class=\"wp-block-paragraph\">Ez a modell leegyszer\u0171s\u00edtheti a mindennapi \u00e9letet, k\u00fcl\u00f6n\u00f6sen akkor, ha \u00f6tv\u00f6zi az \u00fczenetk\u00fcld\u00e9st, a v\u00e1s\u00e1rl\u00e1st, a fizet\u00e9seket \u00e9s a hasznos szolg\u00e1ltat\u00e1sokat. Ugyanakkor figyelmet ig\u00e9nyel az adatv\u00e9delemre, a biztons\u00e1gra, a hatalom koncentr\u00e1ci\u00f3j\u00e1ra \u00e9s az egyetlen platformt\u00f3l val\u00f3 f\u00fcgg\u0151s\u00e9gre is.<\/p>\n\n\n\n<p class=\"wp-block-paragraph\">A j\u00f6v\u0151ben val\u00f3sz\u00edn\u0171, hogy egyre t\u00f6bb alkalmaz\u00e1s pr\u00f3b\u00e1l majd k\u00f6zponti szerepet bet\u00f6lteni az emberek digit\u00e1lis \u00e9let\u00e9ben. A nagy k\u00e9rd\u00e9s a praktikum \u00e9s a kontroll k\u00f6z\u00f6tti egyens\u00faly megtal\u00e1l\u00e1sa lesz. Egy olyan alkalmaz\u00e1s, amely mindent egy helyen k\u00edn\u00e1l, nagyon k\u00e9nyelmes lehet, de tiszteletben kell tartania a felhaszn\u00e1l\u00f3k szabads\u00e1g\u00e1t, adatait \u00e9s biztons\u00e1g\u00e1t is.<\/p>","protected":false},"excerpt":{"rendered":"<p>Os super apps est\u00e3o se tornando uma das grandes tend\u00eancias do mundo digital. A ideia \u00e9 simples: em vez de o usu\u00e1rio abrir v\u00e1rios aplicativos para conversar, pagar contas, pedir comida, comprar produtos, chamar transporte, assistir conte\u00fados e acessar servi\u00e7os, tudo fica reunido em uma \u00fanica plataforma. \u00c9 como se um aplicativo deixasse de ser [&hellip;]<\/p>\n","protected":false},"author":1,"featured_media":1015,"comment_status":"open","ping_status":"open","sticky":false,"template":"","format":"standard","meta":{"footnotes":""},"categories":[30],"tags":[],"class_list":["post-1014","post","type-post","status-publish","format-standard","has-post-thumbnail","category-aplicativos"],"_links":{"self":[{"href":"https:\/\/silvadaily.com\/hu\/wp-json\/wp\/v2\/posts\/1014","targetHints":{"allow":["GET"]}}],"collection":[{"href":"https:\/\/silvadaily.com\/hu\/wp-json\/wp\/v2\/posts"}],"about":[{"href":"https:\/\/silvadaily.com\/hu\/wp-json\/wp\/v2\/types\/post"}],"author":[{"embeddable":true,"href":"https:\/\/silvadaily.com\/hu\/wp-json\/wp\/v2\/users\/1"}],"replies":[{"embeddable":true,"href":"https:\/\/silvadaily.com\/hu\/wp-json\/wp\/v2\/comments?post=1014"}],"version-history":[{"count":1,"href":"https:\/\/silvadaily.com\/hu\/wp-json\/wp\/v2\/posts\/1014\/revisions"}],"predecessor-version":[{"id":1016,"href":"https:\/\/silvadaily.com\/hu\/wp-json\/wp\/v2\/posts\/1014\/revisions\/1016"}],"wp:featuredmedia":[{"embeddable":true,"href":"https:\/\/silvadaily.com\/hu\/wp-json\/wp\/v2\/media\/1015"}],"wp:attachment":[{"href":"https:\/\/silvadaily.com\/hu\/wp-json\/wp\/v2\/media?parent=1014"}],"wp:term":[{"taxonomy":"category","embeddable":true,"href":"https:\/\/silvadaily.com\/hu\/wp-json\/wp\/v2\/categories?post=1014"},{"taxonomy":"post_tag","embeddable":true,"href":"https:\/\/silvadaily.com\/hu\/wp-json\/wp\/v2\/tags?post=1014"}],"curies":[{"name":"munkaf\u00fczet","href":"https:\/\/api.w.org\/{rel}","templated":true}]}}