{"id":1045,"date":"2026-05-25T21:59:58","date_gmt":"2026-05-25T21:59:58","guid":{"rendered":"https:\/\/silvadaily.com\/?p=1045"},"modified":"2026-05-25T21:59:59","modified_gmt":"2026-05-25T21:59:59","slug":"tippek-a-jobb-szokasok-kialakitasahoz-apro-napi-valtoztatasokkal","status":"publish","type":"post","link":"https:\/\/silvadaily.com\/hu\/tippek-a-jobb-szokasok-kialakitasahoz-apro-napi-valtoztatasokkal\/","title":{"rendered":"Tippek a jobb szok\u00e1sok kialak\u00edt\u00e1s\u00e1hoz apr\u00f3 napi v\u00e1ltoztat\u00e1sokkal."},"content":{"rendered":"<p class=\"wp-block-paragraph\">A jobb szok\u00e1sok kialak\u00edt\u00e1s\u00e1nak nem kell neh\u00e9z, radik\u00e1lis folyamatnak lennie, tele lehetetlen szab\u00e1lyokkal. Sokan szeretn\u00e9k jav\u00edtani a megszokott rutinjukon, jobban vigy\u00e1zni az eg\u00e9szs\u00e9g\u00fckre, rendszerezni az otthonukat, tanulni, p\u00e9nzt megtakar\u00edtani, vagy produkt\u00edvabbak lenni, de v\u00e9g\u00fcl feladj\u00e1k, mert mindent egyszerre pr\u00f3b\u00e1lnak megv\u00e1ltoztatni. A kezdeti lelkesed\u00e9s n\u00e9h\u00e1ny napig tart, de hamarosan kialakul az igazi rutin, \u00e9s a tervek elmaradnak.<\/p>\n\n\n\n<p class=\"wp-block-paragraph\">Az igazs\u00e1g az, hogy a tart\u00f3s szok\u00e1sok gyakran apr\u00f3, naponta ism\u00e9tl\u0151d\u0151 v\u00e1ltoztat\u00e1sokb\u00f3l fakadnak. Ahelyett, hogy kiz\u00e1r\u00f3lag a motiv\u00e1ci\u00f3ra hagyatkozn\u00e1nk, a titok az, hogy a cselekedeteket egyszer\u0171bb\u00e9, megval\u00f3s\u00edthat\u00f3bb\u00e1 \u00e9s a mindennapi \u00e9letbe k\u00f6nnyebben beilleszthet\u0151v\u00e9 tegy\u00fck. Egy apr\u00f3 szok\u00e1s, ha hetekig, h\u00f3napokig fenntartjuk, sokkal nagyobb eredm\u00e9nyeket hozhat, mint egy r\u00f6vid id\u0151re v\u00e9grehajtott nagy v\u00e1ltoz\u00e1s.<\/p>\n\n\n\n<h2 class=\"wp-block-heading\">Kezd kicsiben<\/h2>\n\n\n\n<p class=\"wp-block-paragraph\">A leggyakoribb hiba egy szok\u00e1s kialak\u00edt\u00e1s\u00e1n\u00e1l a t\u00fal nagy kezd\u00e9s. Aki nem mozog, \u00fagy d\u00f6nt, hogy napi egy \u00f3r\u00e1t edz. Aki h\u00f3napok \u00f3ta nem olvasott, meg\u00edg\u00e9ri, hogy hetente elolvas egy k\u00f6nyvet. Aki rendezetlen, az egyetlen h\u00e9tv\u00e9ge alatt megpr\u00f3b\u00e1lja \u00e1talak\u00edtani az eg\u00e9sz h\u00e1z\u00e1t.<\/p>\n\n\n\n<p class=\"wp-block-paragraph\">Ezek a c\u00e9lok inspir\u00e1l\u00f3nak t\u0171nhetnek, de gyakran neh\u00e9z fenntartani \u0151ket. Teh\u00e1t kezdj kicsiben. Ha s\u00e9t\u00e1lni szeretn\u00e9l, kezdj t\u00edz perccel. Ha olvasni szeretn\u00e9l, olvass el k\u00e9t oldalt. Ha rendszerezni szeretn\u00e9d a h\u00e1zat, rakj rendet egy fi\u00f3kban. Ha t\u00f6bb vizet szeretn\u00e9l inni, kezdj egy poh\u00e1rral, amikor fel\u00e9bredsz.<\/p>\n\n\n\n<p class=\"wp-block-paragraph\">Amikor a szok\u00e1s kicsi, az ellen\u00e1ll\u00e1s cs\u00f6kken. K\u00f6nnyebb\u00e9 v\u00e1lik az elkezd\u00e9s, \u00e9s az elkezd\u00e9s a legfontosabb r\u00e9sz.<\/p>\n\n\n\n<h2 class=\"wp-block-heading\">V\u00e1lassz egyszerre egy szok\u00e1st.<\/h2>\n\n\n\n<p class=\"wp-block-paragraph\">Ha mindent egyszerre akarunk megv\u00e1ltoztatni, az szorong\u00e1shoz \u00e9s frusztr\u00e1ci\u00f3hoz vezethet. Az alv\u00e1s, az \u00e9trend, a testmozg\u00e1s, a tanul\u00e1s, a p\u00e9nz\u00fcgyek, a szervez\u00e9s \u00e9s a termel\u00e9kenys\u00e9g mind fontos ter\u00fcletek, de nem kell mindegyiket egyszerre kezelni.<\/p>\n\n\n\n<p class=\"wp-block-paragraph\">V\u00e1lassz ki egy kulcsfontoss\u00e1g\u00fa szok\u00e1st, amin el\u0151sz\u00f6r dolgozol. Lehet ez valami egyszer\u0171, p\u00e9ld\u00e1ul a kor\u00e1bbi lefekv\u00e9s, a heti h\u00e1romszori s\u00e9ta vagy a napi kiad\u00e1sok nyomon k\u00f6vet\u00e9se. Amint ez a szok\u00e1s term\u00e9szetesebb\u00e9 v\u00e1lik, adj hozz\u00e1 egy m\u00e1sikat.<\/p>\n\n\n\n<p class=\"wp-block-paragraph\">A szok\u00e1sok kialak\u00edt\u00e1sa olyan, mint egy h\u00e1z \u00e9p\u00edt\u00e9se. Ha az alap gyenge, minden instabill\u00e1 v\u00e1lik. Ez\u00e9rt jobb egyetlen apr\u00f3 v\u00e1ltoztat\u00e1st megszil\u00e1rd\u00edtani, mint t\u00f6bbet elkezdeni, majd mindet elhagyni.<\/p>\n\n\n\n<h2 class=\"wp-block-heading\">P\u00e1ros\u00edtsd az \u00faj szok\u00e1st valamivel, amit m\u00e1r csin\u00e1lsz.<\/h2>\n\n\n\n<p class=\"wp-block-paragraph\">A szok\u00e1sok kialak\u00edt\u00e1s\u00e1nak egy hat\u00e9kony m\u00f3dja, ha az \u00faj cselekv\u00e9st egy m\u00e1r megl\u00e9v\u0151 viselked\u00e9shez kapcsoljuk a rutinunkban. Ez megk\u00f6nny\u00edti az eml\u00e9kez\u00e9st \u00e9s cs\u00f6kkenti a ment\u00e1lis er\u0151fesz\u00edt\u00e9s sz\u00fcks\u00e9gess\u00e9g\u00e9t.<\/p>\n\n\n\n<p class=\"wp-block-paragraph\">P\u00e9ld\u00e1ul: fogmos\u00e1s ut\u00e1n igy\u00e1l egy poh\u00e1r vizet. Eb\u00e9d ut\u00e1n s\u00e9t\u00e1lj egyet p\u00e1r percig. Miut\u00e1n bekapcsoltad a sz\u00e1m\u00edt\u00f3g\u00e9pet, n\u00e9zd \u00e1t a teend\u0151id list\u00e1j\u00e1t. Lefekv\u00e9s el\u0151tt ter\u00edtsd ki a ruh\u00e1idat a k\u00f6vetkez\u0151 napra.<\/p>\n\n\n\n<p class=\"wp-block-paragraph\">Ez az \u00f6sszef\u00fcgg\u00e9s az\u00e9rt m\u0171k\u00f6dik, mert egy r\u00e9gi szok\u00e1st haszn\u00e1l fel egy \u00faj kiv\u00e1lt\u00f3 okk\u00e9nt. Id\u0151vel az egyik cselekv\u00e9s term\u00e9szetes m\u00f3don vezet a m\u00e1sikhoz.<\/p>\n\n\n\n<h2 class=\"wp-block-heading\">K\u00f6nny\u00edtsd meg a k\u00f6rnyezetet.<\/h2>\n\n\n\n<p class=\"wp-block-paragraph\">A k\u00f6rnyezet nagyban befoly\u00e1solja a szok\u00e1sokat. Ha a mobiltelefonod az \u00e1gyad mellett van, k\u00f6nnyebb k\u00e9s\u0151 estig haszn\u00e1lni. Ha a gy\u00fcm\u00f6lcs a h\u0171t\u0151ben van elrejtve, nagyobb val\u00f3sz\u00edn\u0171s\u00e9ggel megfeledkezel r\u00f3la. Ha a s\u00e9tacip\u0151d a szekr\u00e9ny h\u00e1tulj\u00e1ban van, megn\u0151 az es\u00e9lye a testmozg\u00e1s elhalaszt\u00e1s\u00e1nak.<\/p>\n\n\n\n<p class=\"wp-block-paragraph\">A jobb szok\u00e1sok kialak\u00edt\u00e1s\u00e1hoz alak\u00edtsd a k\u00f6rnyezetedet a javadra. Helyezz egy vizespalackot az asztalodra. Tartsd k\u00fcl\u00f6n az edz\u0151ruh\u00e1kat. Tartsd a k\u00f6nyveket j\u00f3l l\u00e1that\u00f3 helyen. Rendszerezd a munkater\u00fcletedet, miel\u0151tt elkezded a napot. Tedd az eg\u00e9szs\u00e9ges \u00e9teleket k\u00f6nnyebben el\u00e9rhet\u0151v\u00e9.<\/p>\n\n\n\n<p class=\"wp-block-paragraph\">Min\u00e9l kevesebb er\u0151fesz\u00edt\u00e9st ig\u00e9nyel egy szok\u00e1s kialak\u00edt\u00e1sa, ann\u00e1l nagyobb az es\u00e9lye annak, hogy megism\u00e9tl\u0151dik.<\/p>\n\n\n\n<h2 class=\"wp-block-heading\">Cs\u00f6kkentsd az akad\u00e1lyokat<\/h2>\n\n\n\n<p class=\"wp-block-paragraph\">Amellett, hogy megk\u00f6nny\u00edted azt, amit szeretn\u00e9l, fontos, hogy azt is megnehez\u00edtsd, ami akad\u00e1lyoz. Ha t\u00fal sok id\u0151t t\u00f6ltesz a k\u00f6z\u00f6ss\u00e9gi m\u00e9di\u00e1ban, t\u00e1vol\u00edtsd el az alkalmaz\u00e1sokat a kezd\u0151k\u00e9perny\u0151r\u0151l. Ha impulzusv\u00e1s\u00e1rl\u00e1sokat v\u00e9gzel, t\u00e1vol\u00edtsd el a mentett k\u00e1rty\u00e1kat az online \u00e1ruh\u00e1zakb\u00f3l. Ha k\u00e9s\u0151 estig fennmaradsz vide\u00f3k n\u00e9z\u00e9s\u00e9vel, t\u00f6ltsd a telefonodat az \u00e1gyadt\u00f3l t\u00e1vol.<\/p>\n\n\n\n<p class=\"wp-block-paragraph\">Ezek az apr\u00f3 akad\u00e1lyok seg\u00edtenek megt\u00f6rni az automatikus viselked\u00e9si form\u00e1kat. Gyakran nem a fegyelem hi\u00e1ny\u00e1r\u00f3l van sz\u00f3, hanem a rossz szok\u00e1sok ism\u00e9tl\u00e9s\u00e9re val\u00f3 t\u00falzott hajlamr\u00f3l.<\/p>\n\n\n\n<p class=\"wp-block-paragraph\">Egy egyszer\u0171 akad\u00e1ly l\u00e9trehoz\u00e1sa el\u00e9g lehet ahhoz, hogy gondolkodj, miel\u0151tt cselekszel.<\/p>\n\n\n\n<h2 class=\"wp-block-heading\">T\u0171zz ki egy\u00e9rtelm\u0171 c\u00e9lokat.<\/h2>\n\n\n\n<p class=\"wp-block-paragraph\">A hom\u00e1lyos c\u00e9lok akad\u00e1lyozz\u00e1k a v\u00e1ltoz\u00e1st. Az \u201ceg\u00e9szs\u00e9gesebb akarok lenni\u201d vagy a \u201cszervezettebb akarok lenni\u201d kijelent\u00e9s pozit\u00edv, de nem t\u00fal praktikus. Ide\u00e1lis esetben a v\u00e1gyadat konkr\u00e9t tettekre kellene v\u00e1ltanod.<\/p>\n\n\n\n<p class=\"wp-block-paragraph\">Ahelyett, hogy azt mondan\u00e1d, hogy \u201cJobban akarok enni\u201d, mondd azt, hogy \u201cBe\u00e9p\u00edtek egy darab gy\u00fcm\u00f6lcs\u00f6t a reggelimbe\u201d. Ahelyett, hogy azt mondan\u00e1d, hogy \u201cP\u00e9nzt akarok megtakar\u00edtani\u201d, mondd azt, hogy \u201cMinden nap le\u00edrom a kiad\u00e1saimat\u201d. Ahelyett, hogy azt mondan\u00e1d, hogy \u201cT\u00f6bbet akarok tanulni\u201d, v\u00e1laszd azt, hogy \u201cVacsora ut\u00e1n 30 percig fogok tanulni\u201d.<\/p>\n\n\n\n<p class=\"wp-block-paragraph\">Min\u00e9l vil\u00e1gosabban megfogalmazott a cselekv\u00e9s, ann\u00e1l k\u00f6nnyebb lesz v\u00e9grehajtani.<\/p>\n\n\n\n<h2 class=\"wp-block-heading\">Ne hagyatkozz kiz\u00e1r\u00f3lag a motiv\u00e1ci\u00f3ra.<\/h2>\n\n\n\n<p class=\"wp-block-paragraph\">A motiv\u00e1ci\u00f3 seg\u00edt, de nem jelenik meg minden nap. Lesznek f\u00e1radts\u00e1g, lustas\u00e1g, aggodalom \u00e9s id\u0151hi\u00e1ny id\u0151szakai. Ha a szok\u00e1s kiz\u00e1r\u00f3lag az akarater\u0151n m\u00falik, val\u00f3sz\u00edn\u0171leg megszakad.<\/p>\n\n\n\n<p class=\"wp-block-paragraph\">Ez\u00e9rt alak\u00edts ki egy egyszer\u0171 rutint. \u00c1ll\u00edts be \u00fctemterveket, eml\u00e9keztet\u0151ket, el\u0151k\u00e9sz\u00edtett k\u00f6rnyezeteket \u00e9s kisebb c\u00e9lokat. Amikor a szok\u00e1s j\u00f3l be\u00e9p\u00fcl a rutinodba, nem kell minden nap \u00fajra eld\u00f6ntened mindent.<\/p>\n\n\n\n<p class=\"wp-block-paragraph\">A k\u00f6vetkezetess\u00e9g ink\u00e1bb az ism\u00e9tl\u00e9sb\u0151l fakad, mint a lelkesed\u00e9sb\u0151l.<\/p>\n\n\n\n<h2 class=\"wp-block-heading\">K\u00f6vesse nyomon a halad\u00e1s\u00e1t<\/h2>\n\n\n\n<p class=\"wp-block-paragraph\">A halad\u00e1s nyomon k\u00f6vet\u00e9se seg\u00edt \u00e9letben tartani a szok\u00e1st. Haszn\u00e1lhatsz napt\u00e1rat, alkalmaz\u00e1st, jegyzetf\u00fczetet vagy egyszer\u0171 t\u00e1bl\u00e1zatot. Jel\u00f6ld meg azokat a napokat, amikor elv\u00e9gezted a tervezett tev\u00e9kenys\u00e9get.<\/p>\n\n\n\n<p class=\"wp-block-paragraph\">A befejezett napok sorrendj\u00e9nek l\u00e1tv\u00e1nya a halad\u00e1s \u00e9rzet\u00e9t kelti. Seg\u00edt a mint\u00e1k azonos\u00edt\u00e1s\u00e1ban is. Tal\u00e1n \u00e9szreveszed majd, hogy jobban tudsz j\u00e1rni reggel, jobban tanulni este, vagy k\u00f6nnyebben rendszerezed a h\u00e1zat szombatonk\u00e9nt.<\/p>\n\n\n\n<p class=\"wp-block-paragraph\">A nyomon k\u00f6vet\u00e9s nem a hib\u00e1ztat\u00e1s, hanem a tanul\u00e1s forr\u00e1sa kell, hogy legyen. Ha valami nem m\u0171k\u00f6d\u00f6tt, m\u00f3dos\u00edtsd.<\/p>\n\n\n\n<h2 class=\"wp-block-heading\">Fogadd el a kudarcokat an\u00e9lk\u00fcl, hogy feladn\u00e1d.<\/h2>\n\n\n\n<p class=\"wp-block-paragraph\">Egyetlen szok\u00e1s sem lesz t\u00f6k\u00e9letes minden nap. Elfelejthetsz, elf\u00e1radhatsz, utazhatsz, v\u00e1ratlan esem\u00e9nyek \u00e9rhetnek, vagy egyszer\u0171en nem tudod tartani magad a tervhez. Ez is r\u00e9sze a dolognak.<\/p>\n\n\n\n<p class=\"wp-block-paragraph\">A probl\u00e9ma nem az, hogy egyszer kudarcot vallasz. A probl\u00e9ma az, hogy egy apr\u00f3 kudarcot teljes felad\u00e1ss\u00e1 alak\u00edts. Ha ma nem siker\u00fclt, pr\u00f3b\u00e1ld \u00fajra holnap. Ha kevesebbet csin\u00e1lt\u00e1l, mint tervezted, az is halad\u00e1snak sz\u00e1m\u00edt.<\/p>\n\n\n\n<p class=\"wp-block-paragraph\">A legfontosabb k\u00e9szs\u00e9g nem az, hogy soha ne valljunk kudarcot, hanem az, hogy gyorsan regener\u00e1l\u00f3djunk.<\/p>\n\n\n\n<h2 class=\"wp-block-heading\">\u00dcnnepeld meg a kis gy\u0151zelmeket.<\/h2>\n\n\n\n<p class=\"wp-block-paragraph\">Az apr\u00f3 eredm\u00e9nyek is elismer\u00e9st \u00e9rdemelnek. Egy s\u00e9ta teljes\u00edt\u00e9se, p\u00e9nzmegtakar\u00edt\u00e1s, szoba rendbet\u00e9tele, jobb alv\u00e1s vagy n\u00e9h\u00e1ny perc tanul\u00e1s m\u00e1r a halad\u00e1s jelei.<\/p>\n\n\n\n<p class=\"wp-block-paragraph\">Az \u00fcnnepl\u00e9s nem felt\u00e9tlen\u00fcl v\u00e1s\u00e1rl\u00e1ssal vagy nagy jutalmakkal j\u00e1r. El\u00e9g lehet egyszer\u0171en elismerni, hogy haladt\u00e1l, kellemes sz\u00fcnetet tartani, vagy bejel\u00f6lni a napt\u00e1rban az eredm\u00e9nyt.<\/p>\n\n\n\n<p class=\"wp-block-paragraph\">Amikor az agy felismeri, hogy egy szok\u00e1s pozit\u00edv \u00e9rz\u00e9seket kelt, k\u00f6nnyebb\u00e9 v\u00e1lik megism\u00e9telni azt.<\/p>\n\n\n\n<h2 class=\"wp-block-heading\">K\u00f6vetkeztet\u00e9s<\/h2>\n\n\n\n<p class=\"wp-block-paragraph\">A jobb szok\u00e1sok kialak\u00edt\u00e1sa apr\u00f3 napi v\u00e1ltoztat\u00e1sokkal re\u00e1lis m\u00f3dja a rutin \u00e1talak\u00edt\u00e1s\u00e1nak. Ahelyett, hogy nagy, nehezen betarthat\u00f3 \u00edg\u00e9reteket tenn\u00e9l, kezdj egyszer\u0171, vil\u00e1gos \u00e9s el\u00e9rhet\u0151 tettekkel.<\/p>\n\n\n\n<p class=\"wp-block-paragraph\">V\u00e1lassz egy szok\u00e1st egyszerre, tedd k\u00f6nnyebb\u00e9 a k\u00f6rnyezetedet, cs\u00f6kkentsd az akad\u00e1lyokat, t\u00e1rs\u00edtsd az \u00faj cselekedeteket a megl\u00e9v\u0151 viselked\u00e9sekhez, \u00e9s k\u00f6vesd nyomon a fejl\u0151d\u00e9sedet. T\u00fcrelemmel \u00e9s k\u00f6vetkezetess\u00e9ggel a kis cselekedetek felhalmoz\u00f3dnak \u00e9s jelent\u0151s eredm\u00e9nyeket hoznak.<\/p>\n\n\n\n<p class=\"wp-block-paragraph\">A v\u00e1ltoz\u00e1snak nem kell gyorsan t\u00f6rt\u00e9nnie ahhoz, hogy val\u00f3di legyen. A legfontosabb, hogy olyan szok\u00e1sokat alak\u00edts ki, amelyek illeszkednek az \u00e9letedbe, \u00e9s amelyeket id\u0151vel meg lehet tartani.<\/p>\n\n\n\n<p class=\"wp-block-paragraph\"><\/p>","protected":false},"excerpt":{"rendered":"<p>Criar h\u00e1bitos melhores n\u00e3o precisa ser um processo dif\u00edcil, radical ou cheio de regras imposs\u00edveis. Muitas pessoas querem melhorar a rotina, cuidar mais da sa\u00fade, organizar a casa, estudar, economizar dinheiro ou ser mais produtivas, mas acabam desistindo porque tentam mudar tudo de uma vez. O entusiasmo inicial dura alguns dias, mas logo a rotina [&hellip;]<\/p>\n","protected":false},"author":1,"featured_media":1046,"comment_status":"open","ping_status":"open","sticky":false,"template":"","format":"standard","meta":{"footnotes":""},"categories":[34],"tags":[],"class_list":["post-1045","post","type-post","status-publish","format-standard","has-post-thumbnail","category-dicas"],"_links":{"self":[{"href":"https:\/\/silvadaily.com\/hu\/wp-json\/wp\/v2\/posts\/1045","targetHints":{"allow":["GET"]}}],"collection":[{"href":"https:\/\/silvadaily.com\/hu\/wp-json\/wp\/v2\/posts"}],"about":[{"href":"https:\/\/silvadaily.com\/hu\/wp-json\/wp\/v2\/types\/post"}],"author":[{"embeddable":true,"href":"https:\/\/silvadaily.com\/hu\/wp-json\/wp\/v2\/users\/1"}],"replies":[{"embeddable":true,"href":"https:\/\/silvadaily.com\/hu\/wp-json\/wp\/v2\/comments?post=1045"}],"version-history":[{"count":1,"href":"https:\/\/silvadaily.com\/hu\/wp-json\/wp\/v2\/posts\/1045\/revisions"}],"predecessor-version":[{"id":1047,"href":"https:\/\/silvadaily.com\/hu\/wp-json\/wp\/v2\/posts\/1045\/revisions\/1047"}],"wp:featuredmedia":[{"embeddable":true,"href":"https:\/\/silvadaily.com\/hu\/wp-json\/wp\/v2\/media\/1046"}],"wp:attachment":[{"href":"https:\/\/silvadaily.com\/hu\/wp-json\/wp\/v2\/media?parent=1045"}],"wp:term":[{"taxonomy":"category","embeddable":true,"href":"https:\/\/silvadaily.com\/hu\/wp-json\/wp\/v2\/categories?post=1045"},{"taxonomy":"post_tag","embeddable":true,"href":"https:\/\/silvadaily.com\/hu\/wp-json\/wp\/v2\/tags?post=1045"}],"curies":[{"name":"munkaf\u00fczet","href":"https:\/\/api.w.org\/{rel}","templated":true}]}}