{"id":902,"date":"2026-05-25T01:17:48","date_gmt":"2026-05-25T01:17:48","guid":{"rendered":"https:\/\/silvadaily.com\/?p=902"},"modified":"2026-05-25T01:17:49","modified_gmt":"2026-05-25T01:17:49","slug":"foldszinekkel-valo-dekoracio-hogyan-teheti-otthonat-hangulatosabba-es-modernebbe","status":"publish","type":"post","link":"https:\/\/silvadaily.com\/hu\/foldszinekkel-valo-dekoracio-hogyan-teheti-otthonat-hangulatosabba-es-modernebbe\/","title":{"rendered":"F\u00f6ldsz\u00ednekkel val\u00f3 dekor\u00e1ci\u00f3: hogyan teheti otthon\u00e1t hangulatosabb\u00e1 \u00e9s modernebb\u00e9."},"content":{"rendered":"<p class=\"wp-block-paragraph\">A f\u00f6ldsz\u00ednekkel val\u00f3 dekor\u00e1l\u00e1s az egyik leghat\u00e9konyabb v\u00e1laszt\u00e1s azok sz\u00e1m\u00e1ra, akik bar\u00e1ts\u00e1gos, eleg\u00e1ns \u00e9s modern k\u00f6rnyezetet szeretn\u00e9nek teremteni. A term\u00e9szet sz\u00ednei ihlett\u00e9k ezeket az \u00e1rnyalatokat, amelyek a f\u00f6ldet, a f\u00e1t, az agyagot, a k\u00f6veket, a term\u00e9szetes sz\u00e1lakat \u00e9s a naplement\u00e9ket id\u00e9zik. Ez\u00e9rt vizu\u00e1lis k\u00e9nyelmet k\u00f6zvet\u00edtenek, \u00e9s seg\u00edtenek \u00e1talak\u00edtani az otthont egy h\u00edvogat\u00f3bb t\u00e9rr\u00e9.<\/p>\n\n\n\n<p class=\"wp-block-paragraph\">Az olyan sz\u00ednek, mint a terrakotta, karamell, homoksz\u00edn, barna, b\u00e9zs, agyagsz\u00edn, r\u00e9z, fah\u00e9jsz\u00edn, nude, okker \u00e9s ol\u00edvaz\u00f6ld, mind ennek az univerzumnak a r\u00e9szei. Haszn\u00e1lhat\u00f3k falakon, b\u00fatorokon, text\u00edli\u00e1kon, sz\u0151nyegeken, d\u00edszt\u00e1rgyakon \u00e9s burkolatokon. Az eredm\u00e9ny egy melegebb, kiegyens\u00falyozottabb \u00e9s kifinomultabb megjelen\u00e9s\u0171 otthon, an\u00e9lk\u00fcl, hogy elvesz\u00edten\u00e9 term\u00e9szetes hangulat\u00e1t.<\/p>\n\n\n\n<p class=\"wp-block-paragraph\">Ebben a cikkben meg\u00e9rtheted, hogyan haszn\u00e1lhatod a f\u00f6ldsz\u00edneket a dekor\u00e1ci\u00f3ban, \u00e9s megtanulhatsz egyszer\u0171 m\u00f3dszereket, amelyekkel otthonosabb\u00e1 \u00e9s modernebb\u00e9 teheted otthonodat.<\/p>\n\n\n\n<h2 class=\"wp-block-heading\">Mik azok a f\u00f6ldsz\u00ednek?<\/h2>\n\n\n\n<p class=\"wp-block-paragraph\">A f\u00f6ldt\u00f3nusok olyan sz\u00ednek, amelyeket a term\u00e9szetes elemek, k\u00fcl\u00f6n\u00f6sen a f\u00f6ld, a fa, az agyag, a sz\u00e1r\u00edtott levelek \u00e9s a szikl\u00e1k ihlettek. A vil\u00e1gosabb \u00e1rnyalatokt\u00f3l, mint p\u00e9ld\u00e1ul a homok \u00e9s a b\u00e9zs, az intenz\u00edvebbekig, mint p\u00e9ld\u00e1ul a k\u00e1v\u00e9barna, a terrakotta \u00e9s a rozsda, terjednek.<\/p>\n\n\n\n<p class=\"wp-block-paragraph\">Ezek a sz\u00ednek nagyon sokoldal\u00faak, mivel j\u00f3l illeszkednek a k\u00fcl\u00f6nf\u00e9le dekor\u00e1ci\u00f3s st\u00edlusokhoz. J\u00f3l mutatnak modern, rusztikus, minimalista, boh\u00e9m, skandin\u00e1v \u00e9s ak\u00e1r klasszikus k\u00f6rnyezetben is. Att\u00f3l f\u00fcgg\u0151en, hogyan alkalmazz\u00e1k \u0151ket, kifinomult, nyugodt vagy term\u00e9szetes megjelen\u00e9st hozhatnak l\u00e9tre.<\/p>\n\n\n\n<p class=\"wp-block-paragraph\">Tov\u00e1bbi el\u0151ny, hogy a f\u00f6ldsz\u00ednek id\u0151tlenek. A nagyon \u00e9l\u00e9nk sz\u00ednekkel vagy a m\u00faland\u00f3 trendekkel ellent\u00e9tben \u00e1ltal\u00e1ban hosszabb ideig maradnak kellemesek. Ez nagyszer\u0171 v\u00e1laszt\u00e1ss\u00e1 teszi \u0151ket azok sz\u00e1m\u00e1ra, akik otthonukat szeretn\u00e9k fel\u00faj\u00edtani an\u00e9lk\u00fcl, hogy kock\u00e1ztatn\u00e1k, hogy gyorsan megunj\u00e1k \u0151ket.<\/p>\n\n\n\n<h2 class=\"wp-block-heading\">Mi\u00e9rt teszik otthonosabb\u00e1 a f\u00f6ldsz\u00ednek a h\u00e1zat?<\/h2>\n\n\n\n<p class=\"wp-block-paragraph\">A sz\u00ednek k\u00f6zvetlen\u00fcl befoly\u00e1solj\u00e1k a t\u00e9r hangulat\u00e1t. A hideg t\u00f3nusok, mint p\u00e9ld\u00e1ul a k\u00e9k \u00e9s a nagyon vil\u00e1gos sz\u00fcrke, frissess\u00e9get \u00e9s nyugalmat k\u00f6zvet\u00edthetnek. A f\u00f6ldsz\u00ednek ezzel szemben melegs\u00e9get, otthonoss\u00e1got \u00e9s a term\u00e9szet k\u00f6zels\u00e9g\u00e9t keltik.<\/p>\n\n\n\n<p class=\"wp-block-paragraph\">Ez az\u00e9rt t\u00f6rt\u00e9nik, mert ezek a sz\u00ednek term\u00e9szetes anyagokat \u00e9s ismer\u0151s elemeket id\u00e9znek fel, mint p\u00e9ld\u00e1ul a fa, a ker\u00e1mia, a b\u0151r, a szalma \u00e9s a f\u00f6ld. Seg\u00edtenek megt\u00f6rni a nagyon feh\u00e9r vagy nagyon technol\u00f3giailag fejlett k\u00f6rnyezetek hidegs\u00e9g\u00e9t.<\/p>\n\n\n\n<p class=\"wp-block-paragraph\">A nappalikban, h\u00e1l\u00f3szob\u00e1kban \u00e9s erk\u00e9lyeken a f\u00f6ldsz\u00ednek pihentet\u0151 hangulatot teremtenek. A konyh\u00e1kban \u00e9s \u00e9tkez\u0151kben h\u00edvogat\u00f3bb\u00e1 teszik a teret. A f\u00fcrd\u0151szob\u00e1kban spa-szer\u0171 \u00e9rz\u00e9st kelthetnek, k\u00fcl\u00f6n\u00f6sen, ha k\u0151vel, f\u00e1val \u00e9s l\u00e1gy megvil\u00e1g\u00edt\u00e1ssal kombin\u00e1lj\u00e1k.<\/p>\n\n\n\n<h2 class=\"wp-block-heading\">Kezdj egy semleges alapoz\u00f3val.<\/h2>\n\n\n\n<p class=\"wp-block-paragraph\">Ha f\u00e9lsz a hib\u00e1kt\u00f3l, kezdj egy semleges alappal. A meleg feh\u00e9r, b\u00e9zs, homoksz\u00edn\u0171 vagy t\u00f6rtfeh\u00e9r falak nagyszer\u0171 kiindul\u00f3pontok. Vil\u00e1goss\u00e1 teszik a szob\u00e1t, \u00e9s lehet\u0151v\u00e9 teszik, hogy f\u00f6ldsz\u00edn\u0171 b\u00fatorokat \u00e9s kieg\u00e9sz\u00edt\u0151ket adj hozz\u00e1.<\/p>\n\n\n\n<p class=\"wp-block-paragraph\">Egy vil\u00e1gos fal\u00fa szoba, egy b\u00e9zs kanap\u00e9, terrakotta p\u00e1rn\u00e1k, egy term\u00e9szetes rostb\u00f3l k\u00e9sz\u00fclt sz\u0151nyeg \u00e9s egy fa asztal \u00f6nmag\u00e1ban is otthonoss\u00e1got \u00e1raszt an\u00e9lk\u00fcl, hogy t\u00falz\u00f3 lenne. Ez a kombin\u00e1ci\u00f3 az\u00e9rt m\u0171k\u00f6dik, mert egyens\u00falyt teremt a k\u00f6nnyeds\u00e9g \u00e9s a vizu\u00e1lis melegs\u00e9g k\u00f6z\u00f6tt.<\/p>\n\n\n\n<p class=\"wp-block-paragraph\">A semleges alap a j\u00f6v\u0151beni v\u00e1ltoztat\u00e1sokat is megk\u00f6nny\u00edti. Ha felfriss\u00edteni szeretn\u00e9d a teret, egyszer\u0171en cser\u00e9ld ki a p\u00e1rn\u00e1kat, takar\u00f3kat, k\u00e9peket vagy apr\u00f3 t\u00e1rgyakat an\u00e9lk\u00fcl, hogy a teljes dekor\u00e1ci\u00f3t meg kellene v\u00e1ltoztatnod.<\/p>\n\n\n\n<h2 class=\"wp-block-heading\">Haszn\u00e1ljon terrakott\u00e1t f\u00f3kuszpontk\u00e9nt.<\/h2>\n\n\n\n<p class=\"wp-block-paragraph\">A terrakotta az egyik legfelt\u0171n\u0151bb sz\u00edn a f\u00f6ldsz\u00ednpalett\u00e1n bel\u00fcl. Az agyagot, a ker\u00e1mi\u00e1t \u00e9s a term\u00e9szetes t\u00e9gl\u00e1kat id\u00e9zi. Meleg, eleg\u00e1ns \u00e9s tele van szem\u00e9lyis\u00e9ggel.<\/p>\n\n\n\n<p class=\"wp-block-paragraph\">A terrakott\u00e1t haszn\u00e1lhatod kiemelt falfel\u00fcleteken, p\u00e1rn\u00e1kban, takar\u00f3kban, v\u00e1z\u00e1kban, festm\u00e9nyekben vagy fotelekben. A h\u00e1l\u00f3szob\u00e1kban az \u00e1gy fejt\u00e1ml\u00e1ja m\u00f6g\u00f6tti terrakotta fal hangulatos \u00e9s modern megjelen\u00e9st k\u00f6lcs\u00f6n\u00f6z. A nappaliban egy ilyen sz\u00edn\u0171 fotel a szoba f\u00f3kuszpontj\u00e1v\u00e1 v\u00e1lhat.<\/p>\n\n\n\n<p class=\"wp-block-paragraph\">Az egyens\u00faly megteremt\u00e9s\u00e9hez kombin\u00e1ld a terrakott\u00e1t vil\u00e1gos t\u00f3nusokkal, f\u00e1val, meleg feh\u00e9rrel, b\u00e9zzsel \u00e9s ol\u00edvaz\u00f6lddel. Ez a kever\u00e9k kifinomultt\u00e1 teszi a teret an\u00e9lk\u00fcl, hogy t\u00falz\u00f3 lenne.<\/p>\n\n\n\n<p class=\"wp-block-paragraph\">Ha kicsi a hely, haszn\u00e1lj sz\u00edneket a r\u00e9szletekben. \u00cdgy szem\u00e9lyis\u00e9get k\u00f6lcs\u00f6n\u00f6zhetsz an\u00e9lk\u00fcl, hogy vizu\u00e1lisan cs\u00f6kkenten\u00e9d a teret.<\/p>\n\n\n\n<h2 class=\"wp-block-heading\">Kombin\u00e1ld a f\u00f6ldsz\u00edneket a f\u00e1val.<\/h2>\n\n\n\n<p class=\"wp-block-paragraph\">A fa a f\u00f6ldsz\u00ednek egyik legjobb kieg\u00e9sz\u00edt\u0151je. Feler\u0151s\u00edti a term\u00e9szetes hangulatot, \u00e9s otthonosabb\u00e1 teszi a tereket.<\/p>\n\n\n\n<p class=\"wp-block-paragraph\">A vil\u00e1gos faanyagok j\u00f3l illenek a vil\u00e1gos \u00e9s modern diz\u00e1jnokhoz. A k\u00f6zepes vagy s\u00f6t\u00e9t faanyagok ezzel szemben kifinomultabb \u00e9s intenz\u00edvebb megjelen\u00e9st k\u00f6lcs\u00f6n\u00f6znek. A l\u00e9nyeg az anyagok egyens\u00falyban tart\u00e1sa, hogy a t\u00e9r ne t\u0171nj\u00f6n neh\u00e9zkesnek.<\/p>\n\n\n\n<p class=\"wp-block-paragraph\">Egy fa doh\u00e1nyz\u00f3asztal, egy l\u00e9ces panel, polcok, sz\u00e9kek vagy t\u00e1lal\u00f3szekr\u00e9nyek is felhaszn\u00e1lhat\u00f3k ennek az elemnek a bemutat\u00e1s\u00e1ra. M\u00e9g az apr\u00f3 fa r\u00e9szletek is melegs\u00e9get k\u00f6lcs\u00f6n\u00f6zhetnek a dekor\u00e1ci\u00f3nak.<\/p>\n\n\n\n<p class=\"wp-block-paragraph\">Ha alb\u00e9rletben \u00e9lsz, vagy nem akarsz sokat befektetni, a f\u00e1t be\u00e9p\u00edtheted kisebb t\u00e1rgyakba, p\u00e9ld\u00e1ul t\u00e1lc\u00e1kba, k\u00e9pkeretekbe, padokba, l\u00e1mp\u00e1kba \u00e9s n\u00f6v\u00e9ny\u00e1llv\u00e1nyokba.<\/p>\n\n\n\n<h2 class=\"wp-block-heading\">V\u00e1lassz term\u00e9szetes sz\u00f6veteket.<\/h2>\n\n\n\n<p class=\"wp-block-paragraph\">A f\u00f6ldsz\u00ednekkel val\u00f3 lakberendez\u00e9sben nagy k\u00fcl\u00f6nbs\u00e9get jelentenek a sz\u00f6vetek. A len, a pamut, a v\u00e1szon, a k\u00f6t\u00f6tt\u00e1ru, a juta \u00e9s a term\u00e9szetes sz\u00e1lak nagyon j\u00f3l illenek ehhez a palett\u00e1hoz.<\/p>\n\n\n\n<p class=\"wp-block-paragraph\">A nappaliban a karamell, homok, vil\u00e1gosbarna vagy rozsdabarna \u00e1rnyalat\u00fa p\u00e1rn\u00e1k teszik \u00e9rdekesebb\u00e9 a kanap\u00e9t. Egy fah\u00e9j vagy meleg b\u00e9zs \u00e1rnyalat azonnal meghitts\u00e9get teremt. A h\u00e1l\u00f3szob\u00e1ban a term\u00e9szetes \u00e1rnyalat\u00fa \u00e1gynem\u0171 pihentet\u0151bb\u00e9 teszi a k\u00f6rnyezetet.<\/p>\n\n\n\n<p class=\"wp-block-paragraph\">A sz\u0151nyegek is fontosak. A sziz\u00e1l, juta, pamut vagy semleges t\u00f3nus\u00fa modellek seg\u00edtenek a b\u00fatorok integr\u00e1l\u00e1s\u00e1ban \u00e9s a term\u00e9szetes st\u00edlus meger\u0151s\u00edt\u00e9s\u00e9ben.<\/p>\n\n\n\n<p class=\"wp-block-paragraph\">A titok a text\u00far\u00e1k kever\u00e9s\u00e9ben rejlik. Egy f\u00f6ldsz\u00edn\u0171 k\u00f6rnyezet m\u00e9g szebb\u00e9 v\u00e1lhat, ha f\u00e1val, sz\u00f6vettel, ker\u00e1mi\u00e1val, szalm\u00e1val \u00e9s n\u00f6v\u00e9nyekkel kombin\u00e1ljuk.<\/p>\n\n\n\n<h2 class=\"wp-block-heading\">Haszn\u00e1lj n\u00f6v\u00e9nyeket a dekor\u00e1ci\u00f3ban.<\/h2>\n\n\n\n<p class=\"wp-block-paragraph\">A n\u00f6v\u00e9nyek f\u00f6ldsz\u00ednekkel nagyszer\u0171en kieg\u00e9sz\u00edtik a dekor\u00e1ci\u00f3t. A z\u00f6ld term\u00e9szetes kontrasztot alkot a b\u00e9zs, barna, terrakotta \u00e9s homoksz\u00ednnel. Tov\u00e1bb\u00e1 frissess\u00e9get \u00e9s \u00e9letet visz a terekbe.<\/p>\n\n\n\n<p class=\"wp-block-paragraph\">Az olyan fajok, mint a pothos, a ZZ n\u00f6v\u00e9ny, a monstera, a k\u00edgy\u00f3n\u00f6v\u00e9ny \u00e9s a fikusz nagyon j\u00f3l illenek ehhez a koncepci\u00f3hoz. A ker\u00e1mia, agyag, cement vagy szalmacserepek er\u0151s\u00edtik a term\u00e9szetes eszt\u00e9tik\u00e1t.<\/p>\n\n\n\n<p class=\"wp-block-paragraph\">A nappaliban egy nagy n\u00f6v\u00e9ny kit\u00f6lthet egy \u00fcres sarkot. A h\u00e1l\u00f3szob\u00e1ban egy kis n\u00f6v\u00e9ny az \u00e9jjeliszekr\u00e9nyen m\u00e1r \u00f6nmag\u00e1ban is nagy hat\u00e1st kelt. Az erk\u00e9lyen a k\u00fcl\u00f6nb\u00f6z\u0151 magass\u00e1g\u00fa cserepek bar\u00e1ts\u00e1gos \u00e9s nyugodt megjelen\u00e9st k\u00f6lcs\u00f6n\u00f6znek.<\/p>\n\n\n\n<p class=\"wp-block-paragraph\">A n\u00f6v\u00e9nyek a sok egyenes vonal\u00fa b\u00fatorral vagy s\u0171r\u0171bb sz\u00ednekkel is seg\u00edtenek l\u00e1gy\u00edtani a k\u00f6rnyezetet.<\/p>\n\n\n\n<h2 class=\"wp-block-heading\">\u00d3vatosan haszn\u00e1lj f\u00f6ldsz\u00edn\u0171 \u00e1rnyalatokat a falon.<\/h2>\n\n\n\n<p class=\"wp-block-paragraph\">A falfest\u00e9s gyors m\u00f3dja annak, hogy \u00e1talak\u00edtsunk egy szob\u00e1t. Az olyan \u00e1rnyalatok, mint a terrakotta, az agyag, a karamell, a vil\u00e1gosbarna \u00e9s a homoksz\u00edn, nagyon j\u00f3l mutatnak a hangs\u00falyos falakon.<\/p>\n\n\n\n<p class=\"wp-block-paragraph\">A nappaliban a kanap\u00e9 m\u00f6g\u00f6tti fal melegebb sz\u00edn\u0171re festhet\u0151. A h\u00e1l\u00f3szob\u00e1ban a fejt\u00e1mla m\u00f6g\u00f6tti fal j\u00f3 v\u00e1laszt\u00e1s. A mosd\u00f3ban egy f\u00f6ldsz\u00edn eleg\u00e1ns \u00e9s h\u00edvogat\u00f3 hat\u00e1st kelthet.<\/p>\n\n\n\n<p class=\"wp-block-paragraph\">Ha a szob\u00e1ban kev\u00e9s a term\u00e9szetes f\u00e9ny, v\u00e1lassz vil\u00e1gosabb \u00e1rnyalatokat, vagy csak az egyik falon haszn\u00e1lj intenz\u00edv sz\u00edneket. A nagyon s\u00f6t\u00e9t sz\u00ednek az \u00f6sszes falon kisebbnek \u00e9s nehezebbnek hatnak a t\u00e9rben.<\/p>\n\n\n\n<p class=\"wp-block-paragraph\">\u00c9rdemes el\u0151tte kipr\u00f3b\u00e1lni a sz\u00ednt. A vil\u00e1g\u00edt\u00e1s jelent\u0151sen megv\u00e1ltoztatja a fest\u00e9k megjelen\u00e9s\u00e9t a nap folyam\u00e1n.<\/p>\n\n\n\n<h2 class=\"wp-block-heading\">Kombin\u00e1lja f\u00e9mekkel \u00e9s modern r\u00e9szletekkel.<\/h2>\n\n\n\n<p class=\"wp-block-paragraph\">A f\u00f6ldsz\u00edn\u0171 dekor\u00e1ci\u00f3 modernebb\u00e9 t\u00e9tel\u00e9hez haszn\u00e1lj kort\u00e1rs f\u00e9meket \u00e9s fel\u00fcleteket. A matt fekete, az antik arany, a r\u00e9z \u00e9s a bronz nagyon j\u00f3l illik ehhez a palett\u00e1hoz.<\/p>\n\n\n\n<p class=\"wp-block-paragraph\">A l\u00e1mpatestek, foganty\u00fak, kisasztalok, k\u00e9pkeretek \u00e9s csaptelepek mind felhaszn\u00e1lhat\u00f3k ezekkel a fel\u00fcletekkel. A fekete kontrasztot \u00e9s modern hangulatot k\u00f6lcs\u00f6n\u00f6z. Az arany \u00e9s a r\u00e9z meleg \u00e9s kifinomult hangulatot k\u00f6lcs\u00f6n\u00f6z.<\/p>\n\n\n\n<p class=\"wp-block-paragraph\">De fontos, hogy kiegyens\u00falyozottan haszn\u00e1ljuk \u0151ket. T\u00fal sok k\u00fcl\u00f6nb\u00f6z\u0151 f\u00e9m ugyanabban a t\u00e9rben vizu\u00e1lis zavart okozhat. V\u00e1lasszon egy vagy k\u00e9t f\u0151 fel\u00fcletet, \u00e9s ism\u00e9telje meg \u0151ket apr\u00f3 r\u00e9szletekben.<\/p>\n\n\n\n<h2 class=\"wp-block-heading\">F\u00f6ldsz\u00edn\u0171 \u00e1rnyalatok a h\u00e1z minden szob\u00e1j\u00e1ban.<\/h2>\n\n\n\n<p class=\"wp-block-paragraph\">A nappaliban haszn\u00e1lj f\u00f6ldsz\u00edn\u0171 t\u00f3nusokat a p\u00e1rn\u00e1kban, sz\u0151nyegekben, takar\u00f3kban, festm\u00e9nyekben, v\u00e1z\u00e1kban \u00e9s fa b\u00fatorokban. Ha nagyobb hat\u00e1st szeretn\u00e9l, fess az egyik falat terrakott\u00e1val vagy agyaggal.<\/p>\n\n\n\n<p class=\"wp-block-paragraph\">A h\u00e1l\u00f3szob\u00e1ban v\u00e1lassz l\u00e1gyabb t\u00f3nusokat, p\u00e9ld\u00e1ul homoksz\u00ednt, b\u00e9zst, nude-ot, vil\u00e1gos karamellt \u00e9s meleg barn\u00e1t. Ezek el\u0151seg\u00edtik a pihen\u00e9st \u00e9s bar\u00e1ts\u00e1gos l\u00e9gk\u00f6rt teremtenek.<\/p>\n\n\n\n<p class=\"wp-block-paragraph\">A konyh\u00e1ban a f\u00f6ldsz\u00ednek megjelenhetnek a szekr\u00e9nyekben, tap\u00e9t\u00e1kban, b\u00e1rsz\u00e9kekben, fa ev\u0151eszk\u00f6z\u00f6kben \u00e9s ker\u00e1mia t\u00e1rgyakban. A fa, feh\u00e9r \u00e9s terrakotta kombin\u00e1ci\u00f3j\u00fa konyha modern \u00e9s h\u00edvogat\u00f3.<\/p>\n\n\n\n<p class=\"wp-block-paragraph\">A f\u00fcrd\u0151szob\u00e1ban kombin\u00e1lj b\u00e9zst, k\u00f6vet, f\u00e1t \u00e9s l\u00e1gy vil\u00e1g\u00edt\u00e1st. A f\u00f6ldsz\u00edn\u0171 t\u00f6r\u00f6lk\u00f6z\u0151k \u00e9s a kis v\u00e1z\u00e1k m\u00e1r seg\u00edthetnek a t\u00e9r \u00e1talak\u00edt\u00e1s\u00e1ban.<\/p>\n\n\n\n<p class=\"wp-block-paragraph\">Az erk\u00e9lyen haszn\u00e1lj term\u00e9szetes rostokat, agyaged\u00e9nyeket, f\u00e1t \u00e9s n\u00f6v\u00e9nyeket. Ez a kombin\u00e1ci\u00f3 egy pihentet\u0151, term\u00e9szettel \u00f6sszekapcsol\u00f3d\u00f3 teret teremt.<\/p>\n\n\n\n<h2 class=\"wp-block-heading\">Ker\u00fcld a t\u00falz\u00e1st.<\/h2>\n\n\n\n<p class=\"wp-block-paragraph\">B\u00e1r a f\u00f6ldsz\u00ednek kellemesek, t\u00fal sok k\u00f6z\u00fcl\u00fck neh\u00e9zkess\u00e9 teheti a teret. Ennek elker\u00fcl\u00e9se \u00e9rdek\u00e9ben egyens\u00falyozd a meleg sz\u00edneket vil\u00e1gos t\u00f3nusokkal, term\u00e9szetes f\u00e9nnyel \u00e9s k\u00f6nny\u0171 elemekkel.<\/p>\n\n\n\n<p class=\"wp-block-paragraph\">Ha terrakotta falat haszn\u00e1lsz, a nagyobb b\u00fatorokat haszn\u00e1ld semleges t\u00f3nus\u00faakban. Ha a kanap\u00e9 barna, haszn\u00e1lj vil\u00e1gos sz\u00edn\u0171 p\u00e1rn\u00e1kat \u00e9s puha sz\u0151nyeget. Ha a fa s\u00f6t\u00e9t, adj hozz\u00e1 vil\u00e1gos sz\u00edn\u0171 anyagokat \u00e9s n\u00f6v\u00e9nyeket.<\/p>\n\n\n\n<p class=\"wp-block-paragraph\">A harm\u00f3nia az egyens\u00falyban rejlik. A c\u00e9l egy otthonos l\u00e9gk\u00f6r megteremt\u00e9se, nem pedig az, hogy a h\u00e1z t\u00fal s\u00f6t\u00e9t legyen.<\/p>\n\n\n\n<h2 class=\"wp-block-heading\">K\u00f6vetkeztet\u00e9s<\/h2>\n\n\n\n<p class=\"wp-block-paragraph\">A f\u00f6ldsz\u00ednekkel val\u00f3 dekor\u00e1l\u00e1s nagyszer\u0171 v\u00e1laszt\u00e1s azok sz\u00e1m\u00e1ra, akik otthonosabb\u00e1, modernebb\u00e9 \u00e9s eleg\u00e1nsabb\u00e1 szeretn\u00e9k tenni otthonukat. Ezek a sz\u00ednek vizu\u00e1lis melegs\u00e9get hoznak, j\u00f3l kombin\u00e1lhat\u00f3k term\u00e9szetes anyagokkal, \u00e9s gyakorlatilag b\u00e1rmilyen helyis\u00e9gben funkcion\u00e1lnak.<\/p>\n\n\n\n<p class=\"wp-block-paragraph\">Semleges alapokkal kezdve, fa be\u00e9p\u00edt\u00e9s\u00e9vel, term\u00e9szetes anyagok v\u00e1laszt\u00e1s\u00e1val, n\u00f6v\u00e9nyek haszn\u00e1lat\u00e1val, valamint olyan sz\u00ednek, mint a terrakotta, homok, karamell \u00e9s agyag alkalmaz\u00e1sa strat\u00e9giai helyeken egyszer\u0171 m\u00f3dszerek otthona \u00e1talak\u00edt\u00e1s\u00e1ra.<\/p>\n\n\n\n<p class=\"wp-block-paragraph\">A legfontosabb, hogy a sz\u00ednpalett\u00e1t a st\u00edlusodhoz \u00e9s az egyes szob\u00e1k vil\u00e1g\u00edt\u00e1s\u00e1hoz igaz\u00edtsd. Az egyens\u00falyban l\u00e9v\u0151 f\u00f6ldsz\u00ednek bar\u00e1ts\u00e1gos, gy\u00f6ny\u00f6r\u0171 \u00e9s id\u0151tlen tereket teremtenek, amelyek t\u00f6k\u00e9letesek egy k\u00e9nyelmesebb \u00e9s szem\u00e9lyesebb otthonhoz.<\/p>","protected":false},"excerpt":{"rendered":"<p>A decora\u00e7\u00e3o com tons terrosos \u00e9 uma das escolhas mais eficientes para quem deseja criar ambientes acolhedores, elegantes e atuais. Inspiradas nas cores da natureza, essas tonalidades remetem \u00e0 terra, \u00e0 madeira, \u00e0 argila, \u00e0s pedras, \u00e0s fibras naturais e ao p\u00f4r do sol. Por isso, transmitem conforto visual e ajudam a transformar a casa [&hellip;]<\/p>\n","protected":false},"author":1,"featured_media":903,"comment_status":"open","ping_status":"open","sticky":false,"template":"","format":"standard","meta":{"footnotes":""},"categories":[32],"tags":[],"class_list":["post-902","post","type-post","status-publish","format-standard","has-post-thumbnail","category-decoracao"],"_links":{"self":[{"href":"https:\/\/silvadaily.com\/hu\/wp-json\/wp\/v2\/posts\/902","targetHints":{"allow":["GET"]}}],"collection":[{"href":"https:\/\/silvadaily.com\/hu\/wp-json\/wp\/v2\/posts"}],"about":[{"href":"https:\/\/silvadaily.com\/hu\/wp-json\/wp\/v2\/types\/post"}],"author":[{"embeddable":true,"href":"https:\/\/silvadaily.com\/hu\/wp-json\/wp\/v2\/users\/1"}],"replies":[{"embeddable":true,"href":"https:\/\/silvadaily.com\/hu\/wp-json\/wp\/v2\/comments?post=902"}],"version-history":[{"count":1,"href":"https:\/\/silvadaily.com\/hu\/wp-json\/wp\/v2\/posts\/902\/revisions"}],"predecessor-version":[{"id":904,"href":"https:\/\/silvadaily.com\/hu\/wp-json\/wp\/v2\/posts\/902\/revisions\/904"}],"wp:featuredmedia":[{"embeddable":true,"href":"https:\/\/silvadaily.com\/hu\/wp-json\/wp\/v2\/media\/903"}],"wp:attachment":[{"href":"https:\/\/silvadaily.com\/hu\/wp-json\/wp\/v2\/media?parent=902"}],"wp:term":[{"taxonomy":"category","embeddable":true,"href":"https:\/\/silvadaily.com\/hu\/wp-json\/wp\/v2\/categories?post=902"},{"taxonomy":"post_tag","embeddable":true,"href":"https:\/\/silvadaily.com\/hu\/wp-json\/wp\/v2\/tags?post=902"}],"curies":[{"name":"munkaf\u00fczet","href":"https:\/\/api.w.org\/{rel}","templated":true}]}}