{"id":914,"date":"2026-05-25T01:28:43","date_gmt":"2026-05-25T01:28:43","guid":{"rendered":"https:\/\/silvadaily.com\/?p=914"},"modified":"2026-05-25T01:28:44","modified_gmt":"2026-05-25T01:28:44","slug":"intelligens-hatekonysagnovelo-alkalmazasok-eszkozok-feladatok-tanulmanyok-es-munka-rendszerezesehez","status":"publish","type":"post","link":"https:\/\/silvadaily.com\/hu\/intelligens-hatekonysagnovelo-alkalmazasok-eszkozok-feladatok-tanulmanyok-es-munka-rendszerezesehez\/","title":{"rendered":"Intelligens hat\u00e9konys\u00e1gn\u00f6vel\u0151 alkalmaz\u00e1sok: eszk\u00f6z\u00f6k feladatok, tanulm\u00e1nyok \u00e9s munka rendszerez\u00e9s\u00e9hez."},"content":{"rendered":"<p class=\"wp-block-paragraph\">A modern \u00e9let egyre nagyobb szervezetts\u00e9get k\u00f6vetel. A szakmai k\u00f6telezetts\u00e9gek, a tanul\u00e1s, a h\u00e1zimunka, az \u00fczenetek, a megbesz\u00e9l\u00e9sek \u00e9s a szem\u00e9lyes c\u00e9lok k\u00f6z\u00f6tt k\u00f6nny\u0171 \u00fagy \u00e9rezni, hogy a nap v\u00e9get \u00e9r, miel\u0151tt mindennel v\u00e9gezn\u00e9nk. Ebben az esetben az intelligens hat\u00e9konys\u00e1gn\u00f6vel\u0151 alkalmaz\u00e1sok nagyszer\u0171 sz\u00f6vets\u00e9gesekk\u00e9 v\u00e1ltak azok sz\u00e1m\u00e1ra, akik jobban szeretn\u00e9k beosztani az idej\u00fcket \u00e9s cs\u00f6kkenteni a t\u00falterhelts\u00e9g \u00e9rz\u00e9s\u00e9t.<\/p>\n\n\n\n<p class=\"wp-block-paragraph\">Ezek az eszk\u00f6z\u00f6k t\u00falmutatnak az egyszer\u0171 teend\u0151list\u00e1kon. Sokuk \u00f6tv\u00f6zi a napt\u00e1rakat, eml\u00e9keztet\u0151ket, jegyzeteket, automatiz\u00e1l\u00e1sokat, mesters\u00e9ges intelligenci\u00e1t, m\u00e1s alkalmaz\u00e1sokkal val\u00f3 integr\u00e1ci\u00f3t \u00e9s a priorit\u00e1s szerinti szervez\u00e9st. A c\u00e9l az, hogy seg\u00edts\u00e9k a felhaszn\u00e1l\u00f3t a sz\u00e9tsz\u00f3rt \u00f6tleteket vil\u00e1gos cselekv\u00e9sekk\u00e9 alak\u00edtani, a fontos inform\u00e1ci\u00f3kat rendszerezni, \u00e9s arra koncentr\u00e1lni, amire val\u00f3ban sz\u00fcks\u00e9ge van.<\/p>\n\n\n\n<p class=\"wp-block-paragraph\">Ebben a cikkben meg\u00e9rtheted, hogyan seg\u00edtenek az intelligens hat\u00e9konys\u00e1gn\u00f6vel\u0151 alkalmaz\u00e1sok a feladatok, a tanul\u00e1s \u00e9s a munka megszervez\u00e9s\u00e9ben, valamint gyakorlati m\u00f3dszereket tanulhatsz meg a mindennapi \u00e9letben val\u00f3 haszn\u00e1latukra.<\/p>\n\n\n\n<h2 class=\"wp-block-heading\">Mik azok az intelligens termel\u00e9kenys\u00e9gi alkalmaz\u00e1sok?<\/h2>\n\n\n\n<p class=\"wp-block-paragraph\">Az intelligens hat\u00e9konys\u00e1gn\u00f6vel\u0151 alkalmaz\u00e1sok digit\u00e1lis eszk\u00f6z\u00f6k, amelyeket a szem\u00e9lyes \u00e9s szakmai szervez\u00e9s megk\u00f6nny\u00edt\u00e9s\u00e9re terveztek. Seg\u00edtenek a feladatok megtervez\u00e9s\u00e9ben, az \u00f6tletek r\u00f6gz\u00edt\u00e9s\u00e9ben, a hat\u00e1rid\u0151k nyomon k\u00f6vet\u00e9s\u00e9ben, a projektek rendszerez\u00e9s\u00e9ben, eml\u00e9keztet\u0151k l\u00e9trehoz\u00e1s\u00e1ban \u00e9s a tev\u00e9kenys\u00e9gek v\u00e9grehajt\u00e1s\u00e1nak jav\u00edt\u00e1s\u00e1ban.<\/p>\n\n\n\n<p class=\"wp-block-paragraph\">Az \u201cokos\u201d kifejez\u00e9s az\u00e9rt jelenik meg, mert ezek az alkalmaz\u00e1sok k\u00f6z\u00fcl sok fejlett funkci\u00f3kat k\u00edn\u00e1l, p\u00e9ld\u00e1ul automatikus javaslatokat, eszk\u00f6zintegr\u00e1ci\u00f3t, priorit\u00e1s-rendez\u00e9st, mintafelismer\u00e9st \u00e9s ak\u00e1r mesters\u00e9ges intelligencia funkci\u00f3kat is. Egyesek egyszer\u0171 parancsokat alak\u00edthatnak \u00e1t feladatokk\u00e1, \u00f6sszefoglalhatj\u00e1k a sz\u00f6vegeket, \u00fctemterveket javasolhatnak, vagy automatiz\u00e1lhatj\u00e1k az ism\u00e9tl\u0151d\u0151 folyamatokat.<\/p>\n\n\n\n<p class=\"wp-block-paragraph\">A gyakorlatban ezek az alkalmaz\u00e1sok a rutin k\u00f6zponti vez\u00e9rl\u0151pontjak\u00e9nt m\u0171k\u00f6dnek. Ahelyett, hogy az inform\u00e1ci\u00f3kat sz\u00e9tsz\u00f3rva t\u00e1roln\u00e1d pap\u00edrokon, \u00fczenetekben, e-mailekben \u00e9s gondolatokban, mindent egyetlen rendszerben fogsz \u00f6ssze.<\/p>\n\n\n\n<h2 class=\"wp-block-heading\">Mi\u00e9rt \u00e9rdemes termel\u00e9kenys\u00e9gi eszk\u00f6z\u00f6ket haszn\u00e1lni?<\/h2>\n\n\n\n<p class=\"wp-block-paragraph\">Sokan hiszik azt, hogy mindent meg tudnak szervezni fejben, de ez gyakran f\u00e1radts\u00e1ghoz \u00e9s feled\u00e9kenys\u00e9ghez vezet. Amikor az elm\u00e9nek folyamatosan t\u00e1rolnia kell a k\u00f6telezetts\u00e9gv\u00e1llal\u00e1sokat, \u00f6tleteket, hat\u00e1rid\u0151ket \u00e9s f\u00fcgg\u0151ben l\u00e9v\u0151 feladatokat, kevesebb energia marad maguknak a feladatoknak az elv\u00e9gz\u00e9s\u00e9re.<\/p>\n\n\n\n<p class=\"wp-block-paragraph\">Az alkalmaz\u00e1sok seg\u00edtenek enyh\u00edteni ezt a ment\u00e1lis terhet. Egy feladat regisztr\u00e1l\u00e1s\u00e1val nem kell folyamatosan eml\u00e9kezned r\u00e1. Az alkalmaz\u00e1s a megfelel\u0151 id\u0151ben \u00e9rtes\u00edt, d\u00e1tum szerint rendszerez, \u00e9s megmutatja, hogy minek kell priorit\u00e1st \u00e9lveznie.<\/p>\n\n\n\n<p class=\"wp-block-paragraph\">Tov\u00e1bbi el\u0151ny az \u00e1tl\u00e1that\u00f3s\u00e1g. A feladatok rendszerezett l\u00e1t\u00e1s\u00e1val jobban meg\u00e9rthetj\u00fck a k\u00f6vetelm\u00e9nyek val\u00f3di m\u00e9rt\u00e9k\u00e9t. Gyakran a szorong\u00e1s abb\u00f3l fakad, hogy minden \u00f6sszekeveredettnek t\u0171nik. Amikor a tev\u00e9kenys\u00e9geket kateg\u00f3ri\u00e1k, hat\u00e1rid\u0151k \u00e9s fontoss\u00e1g szerint csoportos\u00edtjuk, k\u00f6nnyebb cselekedni.<\/p>\n\n\n\n<p class=\"wp-block-paragraph\">Tov\u00e1bb\u00e1 ezek az eszk\u00f6z\u00f6k seg\u00edtenek a k\u00f6vetkezetess\u00e9g megteremt\u00e9s\u00e9ben. A kis eml\u00e9keztet\u0151k \u00e9s a napi \u00e1ttekint\u00e9sek stabilabb\u00e1 teszik a rutint.<\/p>\n\n\n\n<h2 class=\"wp-block-heading\">Alkalmaz\u00e1sok a feladatok rendszerez\u00e9s\u00e9hez<\/h2>\n\n\n\n<p class=\"wp-block-paragraph\">A feladatkezel\u0151 alkalmaz\u00e1sok ide\u00e1lisak azok sz\u00e1m\u00e1ra, akiknek a f\u00fcgg\u0151ben l\u00e9v\u0151 feladatokat konkr\u00e9t cselekv\u00e9sekk\u00e9 kell alak\u00edtaniuk. Az olyan eszk\u00f6z\u00f6k, mint a Todoist, a Microsoft To Do, a TickTick \u00e9s a Google Tasks, lehet\u0151v\u00e9 teszik list\u00e1k l\u00e9trehoz\u00e1s\u00e1t, hat\u00e1rid\u0151k be\u00e1ll\u00edt\u00e1s\u00e1t, eml\u00e9keztet\u0151k hozz\u00e1ad\u00e1s\u00e1t \u00e9s a tev\u00e9kenys\u00e9gek projektenk\u00e9nti sz\u00e9tv\u00e1laszt\u00e1s\u00e1t.<\/p>\n\n\n\n<p class=\"wp-block-paragraph\">Ezek az alkalmaz\u00e1sok az\u00e9rt hasznosak, mert l\u00e1that\u00f3bb\u00e1 teszik a feladatokat. Ahelyett, hogy azt gondoln\u00e1d: \u201cSzerveznem kell az \u00e9letemet\u201d, l\u00e9trehozhatsz konkr\u00e9t m\u0171veleteket, p\u00e9ld\u00e1ul \u201cvillanysz\u00e1mla fizet\u00e9se\u201d, \u201cel\u0151zm\u00e9ny\u00f6sszefoglal\u00f3 \u00e1ttekint\u00e9se\u201d, \u201cjelent\u00e9s k\u00fcld\u00e9se\u201d vagy \u201cirodai eszk\u00f6z\u00f6k v\u00e1s\u00e1rl\u00e1sa\u201d.<\/p>\n\n\n\n<p class=\"wp-block-paragraph\">J\u00f3 tipp, hogy a feladatokban egy\u00e9rtelm\u0171 ig\u00e9ket haszn\u00e1lj. Ahelyett, hogy egyszer\u0171en csak azt \u00edrn\u00e1d, hogy \u201cdolgozz\u201d, \u00edrd azt, hogy \u201cv\u00e9gleges\u00edtsd a munkabemutat\u00f3t\u201d. Ahelyett, hogy \u201ctanulj\u201d, \u00edrd azt, hogy \u201coldj meg 20 matematikai feladatot\u201d. Min\u00e9l konkr\u00e9tabb a feladat, ann\u00e1l k\u00f6nnyebb lesz elv\u00e9gezni.<\/p>\n\n\n\n<p class=\"wp-block-paragraph\">A hossz\u00fa list\u00e1kat is \u00e9rdemes elker\u00fclni. Ide\u00e1lis esetben naponta n\u00e9h\u00e1ny priorit\u00e1st kell meghat\u00e1rozni, a t\u00f6bbit pedig a k\u00f6vetkez\u0151 napokra rendszerezve kell kezelni.<\/p>\n\n\n\n<h2 class=\"wp-block-heading\">Tanul\u00e1shoz haszn\u00e1lt alkalmaz\u00e1sok<\/h2>\n\n\n\n<p class=\"wp-block-paragraph\">A tanul\u00e1s tervez\u00e9st, \u00e1ttekint\u00e9st \u00e9s koncentr\u00e1ci\u00f3t ig\u00e9nyel. Ez\u00e9rt lehetnek a termel\u00e9kenys\u00e9gi alkalmaz\u00e1sok nagyon hasznosak a di\u00e1kok sz\u00e1m\u00e1ra iskol\u00e1ban, f\u0151iskol\u00e1n, online kurzusokon vagy versenyvizsg\u00e1kra val\u00f3 felk\u00e9sz\u00fcl\u00e9sben.<\/p>\n\n\n\n<p class=\"wp-block-paragraph\">Az olyan alkalmaz\u00e1sok, mint a Notion, a Google Napt\u00e1r, a Trello \u00e9s az Anki, nagyon hasznosak a tartalom rendszerez\u00e9s\u00e9hez \u00e9s a halad\u00e1s nyomon k\u00f6vet\u00e9s\u00e9hez. A Google Napt\u00e1r seg\u00edts\u00e9g\u00e9vel tanulm\u00e1nyi \u00fctemterveket lehet k\u00e9sz\u00edteni. A Trello seg\u00edt a tant\u00e1rgyak t\u00e1bl\u00e1kon t\u00f6rt\u00e9n\u0151 vizualiz\u00e1ci\u00f3j\u00e1ban, elk\u00fcl\u00f6n\u00edtve a f\u00fcgg\u0151ben l\u00e9v\u0151, a folyamatban l\u00e9v\u0151 \u00e9s a befejezett tant\u00e1rgyakat. A Notion lehet\u0151v\u00e9 teszi \u00f6sszefoglal\u00f3kat, linkeket, list\u00e1kat \u00e9s terveket tartalmaz\u00f3 oldalak l\u00e9trehoz\u00e1s\u00e1t. Az Anki nagyszer\u0171 a flash k\u00e1rty\u00e1kkal val\u00f3 \u00e1ttekint\u00e9shez.<\/p>\n\n\n\n<p class=\"wp-block-paragraph\">Egy hat\u00e9kony strat\u00e9gia a tervez\u00e9s \u00e9s az \u00e1ttekint\u00e9s kombin\u00e1l\u00e1sa. El\u0151sz\u00f6r rendszerezd, hogy mely tant\u00e1rgyakat kell tanulm\u00e1nyozni. Ezut\u00e1n oszd a tartalmat kisebb blokkokra. V\u00e9g\u00fcl \u00fctemezz be \u00e1ttekint\u00e9seket k\u00fcl\u00f6nb\u00f6z\u0151 napokra a tanultak jobb megszil\u00e1rd\u00edt\u00e1sa \u00e9rdek\u00e9ben.<\/p>\n\n\n\n<p class=\"wp-block-paragraph\">Az alkalmaz\u00e1sok seg\u00edtenek megel\u0151zni a rendezetlen tanul\u00e1st, amikor a szem\u00e9ly egyszer\u0171en csak elolvassa vagy megn\u00e9zi az el\u0151ad\u00e1sokat an\u00e9lk\u00fcl, hogy tudn\u00e1, halad-e a tanul\u00e1ssal.<\/p>\n\n\n\n<h2 class=\"wp-block-heading\">Munkav\u00e1llal\u00e1si jelentkez\u00e9sek<\/h2>\n\n\n\n<p class=\"wp-block-paragraph\">Professzion\u00e1lis k\u00f6rnyezetben az intelligens termel\u00e9kenys\u00e9g a feladatok, hat\u00e1rid\u0151k, megbesz\u00e9l\u00e9sek \u00e9s kommunik\u00e1ci\u00f3 jobb megszervez\u00e9s\u00e9t jelenti. Az olyan eszk\u00f6z\u00f6ket, mint az Asana, a Trello, a ClickUp, a Slack, a Microsoft Teams, a Google Workspace \u00e9s a Notion, sz\u00e9les k\u00f6rben haszn\u00e1lj\u00e1k mind egy\u00e9ni, mind csapatmunk\u00e1hoz.<\/p>\n\n\n\n<p class=\"wp-block-paragraph\">Ezek az alkalmaz\u00e1sok seg\u00edtenek az inform\u00e1ci\u00f3k k\u00f6zpontos\u00edt\u00e1s\u00e1ban. Egy projektnek lehetnek vil\u00e1gosan meghat\u00e1rozott feladatai, kijel\u00f6ltjei, hat\u00e1rid\u0151i, f\u00e1jljai, megjegyz\u00e9sei \u00e9s szakaszai. Ez cs\u00f6kkenti a zavart, \u00e9s megakad\u00e1lyozza, hogy a fontos inform\u00e1ci\u00f3k elveszjenek a besz\u00e9lget\u00e9sekben.<\/p>\n\n\n\n<p class=\"wp-block-paragraph\">Azok sz\u00e1m\u00e1ra, akik egyed\u00fcl dolgoznak, ezek az alkalmaz\u00e1sok szint\u00e9n hasznosak. Egy szabad\u00fasz\u00f3 rendszerezheti az \u00fcgyfeleket, a sz\u00e1ll\u00edt\u00e1sokat, az aj\u00e1nlatokat, a kifizet\u00e9seket \u00e9s a tartalom\u00f6tleteket. Egy kisv\u00e1llalkoz\u00e1s kezelheti az adminisztrat\u00edv feladatokat, a kamp\u00e1nyokat \u00e9s az \u00fcgyf\u00e9lszolg\u00e1latot.<\/p>\n\n\n\n<p class=\"wp-block-paragraph\">A f\u0151 szempont az, hogy az eszk\u00f6z ne v\u00e1ljon egy \u00fajabb munkaforr\u00e1ss\u00e1. Az alkalmaz\u00e1snak egyszer\u0171s\u00edtenie kell, nem pedig bonyol\u00edtania. Ez\u00e9rt a legjobb, ha kev\u00e9s funkci\u00f3val kezd\u00fcnk, \u00e9s sz\u00fcks\u00e9g szerint b\u0151v\u00edtj\u00fck.<\/p>\n\n\n\n<h2 class=\"wp-block-heading\">Okos jegyzetel\u0151 alkalmaz\u00e1sok<\/h2>\n\n\n\n<p class=\"wp-block-paragraph\">Sok \u00f6tlet v\u00e1ratlan pillanatokban mer\u00fcl fel. Ez\u00e9rt egy j\u00f3 jegyzetel\u0151 alkalmaz\u00e1s sokat sz\u00e1m\u00edt. A Notion, az Evernote, a Google Keep, a OneNote \u00e9s az Apple Notes n\u00e9pszer\u0171 megold\u00e1sok az inform\u00e1ci\u00f3k gyors r\u00f6gz\u00edt\u00e9s\u00e9re.<\/p>\n\n\n\n<p class=\"wp-block-paragraph\">Ezek az eszk\u00f6z\u00f6k \u00f6tletek, list\u00e1k, \u00f6sszefoglal\u00f3k, linkek, hivatkoz\u00e1sok, dokumentumok \u00e9s fontos jegyzetek t\u00e1rol\u00e1s\u00e1ra szolg\u00e1lnak. N\u00e9melyik lehet\u0151v\u00e9 teszi k\u00e9pek, hanganyagok, ellen\u0151rz\u0151list\u00e1k \u00e9s f\u00e1jlok hozz\u00e1ad\u00e1s\u00e1t.<\/p>\n\n\n\n<p class=\"wp-block-paragraph\">A titok az, hogy kateg\u00f3ri\u00e1k szerint rendszerezd a jegyzeteidet. P\u00e9ld\u00e1ul: munka, tanulm\u00e1nyok, p\u00e9nz\u00fcgyek, \u00f6tletek, szem\u00e9lyes projektek \u00e9s otthon. \u00cdgy k\u00e9s\u0151bb k\u00f6nnyebb megtal\u00e1lni az inform\u00e1ci\u00f3kat.<\/p>\n\n\n\n<p class=\"wp-block-paragraph\">Az okos jegyzetel\u0151 alkalmaz\u00e1sok szem\u00e9lyes tud\u00e1sb\u00e1zisk\u00e9nt is haszn\u00e1lhat\u00f3k. Id\u0151vel l\u00e9trehozhatsz egy rendszerezett arch\u00edvumot mindarr\u00f3l, amit megtanulsz, megtervezel \u00e9s fejlesztesz.<\/p>\n\n\n\n<h2 class=\"wp-block-heading\">Mesters\u00e9ges intelligencia a termel\u00e9kenys\u00e9gben<\/h2>\n\n\n\n<p class=\"wp-block-paragraph\">A mesters\u00e9ges intelligencia m\u00e9g hasznosabb\u00e1 teszi a termel\u00e9kenys\u00e9gi alkalmaz\u00e1sokat. Manaps\u00e1g egyes eszk\u00f6z\u00f6k k\u00e9pesek sz\u00f6vegeket \u00f6sszefoglalni, list\u00e1kat l\u00e9trehozni, terveket javasolni, \u00f6tleteket rendszerezni, s\u0151t, jegyzeteket struktur\u00e1lt dokumentumokk\u00e1 alak\u00edtani.<\/p>\n\n\n\n<p class=\"wp-block-paragraph\">Ez nagyon hasznos ism\u00e9tl\u0151d\u0151 feladatokn\u00e1l. P\u00e9ld\u00e1ul mesters\u00e9ges intelligenci\u00e1t haszn\u00e1lhatsz tanul\u00e1si \u00fctemterv l\u00e9trehoz\u00e1s\u00e1hoz, megbesz\u00e9l\u00e9sek t\u00e9m\u00e1inak rendszerez\u00e9s\u00e9hez, sz\u00f6vegek \u00e1ttekint\u00e9s\u00e9hez vagy priorit\u00e1si lista l\u00e9trehoz\u00e1s\u00e1hoz.<\/p>\n\n\n\n<p class=\"wp-block-paragraph\">Azonban fontos mindent \u00e1ttekinteni. A mesters\u00e9ges intelligencia felgyors\u00edtja a folyamatot, de nem helyettes\u00edti az emberi \u00edt\u00e9l\u0151k\u00e9pess\u00e9get. T\u00e1mogat\u00e1sk\u00e9nt kell haszn\u00e1lni, nem pedig v\u00e9gs\u0151 d\u00f6nt\u00e9sk\u00e9nt.<\/p>\n\n\n\n<p class=\"wp-block-paragraph\">Kiegyens\u00falyozott haszn\u00e1lat eset\u00e9n a mesters\u00e9ges intelligencia id\u0151t takar\u00edthat meg \u00e9s jav\u00edthatja egy szervezet min\u0151s\u00e9g\u00e9t.<\/p>\n\n\n\n<h2 class=\"wp-block-heading\">Hogyan v\u00e1lasszuk ki az ide\u00e1lis alkalmaz\u00e1st<\/h2>\n\n\n\n<p class=\"wp-block-paragraph\">Nincs egyetlen t\u00f6k\u00e9letes alkalmaz\u00e1s, ami mindenkinek megfelelne. A legjobb v\u00e1laszt\u00e1s a megszokott rutint\u00f3l f\u00fcgg.<\/p>\n\n\n\n<p class=\"wp-block-paragraph\">Ha csak egyszer\u0171 feladatokra kell eml\u00e9kezned, elegend\u0151 lehet egy olyan alkalmaz\u00e1s, mint a Google Tasks vagy a Microsoft To Do. Ha tanulm\u00e1nyokat vagy \u00f6sszetettebb projekteket szeretn\u00e9l rendszerezni, a Notion, a Trello vagy a ClickUp jobban m\u0171k\u00f6dhet. Ha csapatban kell dolgoznod, az Asana, a Slack vagy a Teams megfelel\u0151bb lehet.<\/p>\n\n\n\n<p class=\"wp-block-paragraph\">Ide\u00e1lis esetben olyan eszk\u00f6zt v\u00e1lassz, amely k\u00f6nnyen haszn\u00e1lhat\u00f3. A t\u00fals\u00e1gosan bonyolult alkalmaz\u00e1sok elhagy\u00e1shoz vezethetnek. Kezdd az alapokkal: list\u00e1k, hat\u00e1rid\u0151k \u00e9s eml\u00e9keztet\u0151k. Ezut\u00e1n adj hozz\u00e1 tov\u00e1bbi funkci\u00f3kat.<\/p>\n\n\n\n<p class=\"wp-block-paragraph\">Fontos az is, hogy ne haszn\u00e1lj t\u00fal sok alkalmaz\u00e1st egyszerre. Ha a rendszerez\u00e9s t\u00f6bb eszk\u00f6z k\u00f6z\u00f6tt sz\u00e9tsz\u00f3rt, a termel\u00e9kenys\u00e9g cs\u00f6kken. V\u00e1lassz n\u00e9h\u00e1ny alkalmaz\u00e1st, \u00e9s tarts fenn k\u00f6vetkezetes haszn\u00e1lati rutint.<\/p>\n\n\n\n<h2 class=\"wp-block-heading\">Tippek ezen eszk\u00f6z\u00f6k jobb haszn\u00e1lat\u00e1hoz.<\/h2>\n\n\n\n<p class=\"wp-block-paragraph\">A hat\u00e9konys\u00e1gn\u00f6vel\u0151 alkalmaz\u00e1sok maxim\u00e1lis kihaszn\u00e1l\u00e1sa \u00e9rdek\u00e9ben szok\u00e1sodd\u00e1 tedd, hogy naponta \u00e1ttekinted a feladataidat. Reggel n\u00e9zd meg, mit kell m\u00e9g elv\u00e9gezni. A nap v\u00e9g\u00e9n friss\u00edtsd az elv\u00e9gzett munk\u00e1kat, \u00e9s igaz\u00edtsd azokat a k\u00f6vetkez\u0151 napra.<\/p>\n\n\n\n<p class=\"wp-block-paragraph\">Haszn\u00e1lj kateg\u00f3ri\u00e1kat az \u00e9leted ter\u00fcleteinek, p\u00e9ld\u00e1ul a munka, a tanulm\u00e1nyok, az otthon, a p\u00e9nz\u00fcgyek \u00e9s a szem\u00e9lyes projektek elk\u00fcl\u00f6n\u00edt\u00e9s\u00e9re. Ez elker\u00fcli a zavart.<\/p>\n\n\n\n<p class=\"wp-block-paragraph\">Re\u00e1lis hat\u00e1rid\u0151ket kell kit\u0171zni. Ha mindent s\u00fcrg\u0151sk\u00e9nt jel\u00f6l\u00fcnk meg, semmi sem t\u0171nik igaz\u00e1n priorit\u00e1snak.<\/p>\n\n\n\n<p class=\"wp-block-paragraph\">Az eml\u00e9keztet\u0151ket is csak m\u00e9rt\u00e9kkel haszn\u00e1ld. A t\u00fal sok \u00e9rtes\u00edt\u00e9s elvonhatja a figyelmedet. Ide\u00e1lis esetben csak azokr\u00f3l az \u00e9rtes\u00edt\u00e9sekr\u0151l kapj \u00e9rtes\u00edt\u00e9seket, amelyek val\u00f3ban fontosak.<\/p>\n\n\n\n<p class=\"wp-block-paragraph\">V\u00e9g\u00fcl ne feledd, hogy a termel\u00e9kenys\u00e9g nem arr\u00f3l sz\u00f3l, hogy mindent megcsin\u00e1lj. Arr\u00f3l sz\u00f3l, hogy jobban csin\u00e1ld azt, ami a legt\u00f6bb \u00e9rt\u00e9ket hordozza mag\u00e1ban.<\/p>\n\n\n\n<h2 class=\"wp-block-heading\">K\u00f6vetkeztet\u00e9s<\/h2>\n\n\n\n<p class=\"wp-block-paragraph\">Az intelligens hat\u00e9konys\u00e1gn\u00f6vel\u0151 alkalmaz\u00e1sok hat\u00e9kony eszk\u00f6z\u00f6k a feladatok, a tanul\u00e1s \u00e9s a munka rendszerez\u00e9s\u00e9hez. Seg\u00edtenek cs\u00f6kkenteni a feled\u00e9kenys\u00e9get, jav\u00edtani a tervez\u00e9st, nyomon k\u00f6vetni a hat\u00e1rid\u0151ket \u00e9s a c\u00e9lokat konkr\u00e9t cselekv\u00e9sekk\u00e9 alak\u00edtani.<\/p>\n\n\n\n<p class=\"wp-block-paragraph\">A list\u00e1k, napt\u00e1rak, jegyzetek, projektek, tanulm\u00e1nyok \u00e9s mesters\u00e9ges intelligencia lehet\u0151s\u00e9geivel egyszer\u0171 \u00e9s hat\u00e9kony rendszert hozhatsz l\u00e9tre a rutinodhoz. A legfontosabb, hogy olyan eszk\u00f6z\u00f6ket v\u00e1lassz, amelyek val\u00f3ban megfelelnek az ig\u00e9nyeidnek, \u00e9s k\u00f6vetkezetesen haszn\u00e1ld \u0151ket.<\/p>\n\n\n\n<p class=\"wp-block-paragraph\">Megfelel\u0151 haszn\u00e1lat eset\u00e9n ezek az alkalmaz\u00e1sok nemcsak a termel\u00e9kenys\u00e9get n\u00f6velik, hanem k\u00f6nnyedebb\u00e9, szervezettebb\u00e9 \u00e9s kiegyens\u00falyozottabb\u00e1 teszik a mindennapi \u00e9letet is.<\/p>\n\n\n\n<p class=\"wp-block-paragraph\"><\/p>","protected":false},"excerpt":{"rendered":"<p>A rotina moderna exige cada vez mais organiza\u00e7\u00e3o. Entre compromissos profissionais, estudos, tarefas dom\u00e9sticas, mensagens, reuni\u00f5es e metas pessoais, \u00e9 f\u00e1cil sentir que o dia termina antes de tudo ser conclu\u00eddo. Nesse cen\u00e1rio, os aplicativos de produtividade inteligente se tornaram grandes aliados para quem deseja administrar melhor o tempo e reduzir a sensa\u00e7\u00e3o de sobrecarga. [&hellip;]<\/p>\n","protected":false},"author":1,"featured_media":915,"comment_status":"open","ping_status":"open","sticky":false,"template":"","format":"standard","meta":{"footnotes":""},"categories":[30],"tags":[],"class_list":["post-914","post","type-post","status-publish","format-standard","has-post-thumbnail","category-aplicativos"],"_links":{"self":[{"href":"https:\/\/silvadaily.com\/hu\/wp-json\/wp\/v2\/posts\/914","targetHints":{"allow":["GET"]}}],"collection":[{"href":"https:\/\/silvadaily.com\/hu\/wp-json\/wp\/v2\/posts"}],"about":[{"href":"https:\/\/silvadaily.com\/hu\/wp-json\/wp\/v2\/types\/post"}],"author":[{"embeddable":true,"href":"https:\/\/silvadaily.com\/hu\/wp-json\/wp\/v2\/users\/1"}],"replies":[{"embeddable":true,"href":"https:\/\/silvadaily.com\/hu\/wp-json\/wp\/v2\/comments?post=914"}],"version-history":[{"count":1,"href":"https:\/\/silvadaily.com\/hu\/wp-json\/wp\/v2\/posts\/914\/revisions"}],"predecessor-version":[{"id":916,"href":"https:\/\/silvadaily.com\/hu\/wp-json\/wp\/v2\/posts\/914\/revisions\/916"}],"wp:featuredmedia":[{"embeddable":true,"href":"https:\/\/silvadaily.com\/hu\/wp-json\/wp\/v2\/media\/915"}],"wp:attachment":[{"href":"https:\/\/silvadaily.com\/hu\/wp-json\/wp\/v2\/media?parent=914"}],"wp:term":[{"taxonomy":"category","embeddable":true,"href":"https:\/\/silvadaily.com\/hu\/wp-json\/wp\/v2\/categories?post=914"},{"taxonomy":"post_tag","embeddable":true,"href":"https:\/\/silvadaily.com\/hu\/wp-json\/wp\/v2\/tags?post=914"}],"curies":[{"name":"munkaf\u00fczet","href":"https:\/\/api.w.org\/{rel}","templated":true}]}}