{"id":976,"date":"2026-05-25T21:22:10","date_gmt":"2026-05-25T21:22:10","guid":{"rendered":"https:\/\/silvadaily.com\/?p=976"},"modified":"2026-05-25T21:22:11","modified_gmt":"2026-05-25T21:22:11","slug":"erdekessegek-a-mesterseges-intelligencia-altal-letrehozott-tartalmakrol-hogyan-lehet-megkulonboztetni-mi-valos-es-mi-mesterseges-intelligencia-altal-letrehozott","status":"publish","type":"post","link":"https:\/\/silvadaily.com\/hu\/erdekessegek-a-mesterseges-intelligencia-altal-letrehozott-tartalmakrol-hogyan-lehet-megkulonboztetni-mi-valos-es-mi-mesterseges-intelligencia-altal-letrehozott\/","title":{"rendered":"\u00c9rdekess\u00e9gek a mesters\u00e9ges intelligencia \u00e1ltal l\u00e9trehozott tartalmakr\u00f3l: hogyan lehet megk\u00fcl\u00f6nb\u00f6ztetni, mi a val\u00f3s\u00e1g, \u00e9s mi az, amit a mesters\u00e9ges intelligencia alkotott?"},"content":{"rendered":"<p class=\"wp-block-paragraph\">A mesters\u00e9ges intelligencia megv\u00e1ltoztatta a sz\u00f6vegek, k\u00e9pek, vide\u00f3k, hangok \u00e9s zen\u00e9k el\u0151\u00e1ll\u00edt\u00e1s\u00e1nak m\u00f3dj\u00e1t. Ma m\u00e1r egy szem\u00e9ly m\u00e1sodpercek alatt k\u00e9pes val\u00f3s\u00e1gh\u0171 k\u00e9pet gener\u00e1lni, professzion\u00e1lis megjelen\u00e9s\u0171 vide\u00f3t k\u00e9sz\u00edteni, hangokat szimul\u00e1lni, cikkeket \u00edrni, prezent\u00e1ci\u00f3kat \u00f6ssze\u00e1ll\u00edtani \u00e9s f\u00e9nyk\u00e9peket szerkeszteni mind\u00f6ssze n\u00e9h\u00e1ny paranccsal. Ez sz\u00e1mos kreat\u00edv lehet\u0151s\u00e9get nyitott meg, de egy egyre gyakoribb k\u00e9rd\u00e9st is felvetett: hogyan lehet megk\u00fcl\u00f6nb\u00f6ztetni, mi a val\u00f3s\u00e1g, \u00e9s mi az, amit a mesters\u00e9ges intelligencia alkotott?<\/p>\n\n\n\n<p class=\"wp-block-paragraph\">A v\u00e1lasz nem egyszer\u0171. N\u00e9h\u00e1ny mesters\u00e9ges intelligencia \u00e1ltal gener\u00e1lt tartalomnak m\u00e9g mindig vannak l\u00e1that\u00f3 hib\u00e1i, de m\u00e1s tartalmak annyira meggy\u0151z\u0151ek, hogy k\u00f6nnyen megt\u00e9veszthet\u0151k. Ez\u00e9rt a mesters\u00e9ges intelligencia azonos\u00edt\u00e1sa megfigyel\u00e9s, forr\u00e1sellen\u0151rz\u00e9s, eszk\u00f6z\u00f6k haszn\u00e1lata \u00e9s kritikai gondolkod\u00e1s kever\u00e9k\u00e9t ig\u00e9nyli.<\/p>\n\n\n\n<p class=\"wp-block-paragraph\">Ebben a cikkben \u00e9rdekes t\u00e9nyeket fedezhetsz fel a mesters\u00e9ges intelligencia \u00e1ltal gener\u00e1lt tartalmakr\u00f3l, \u00e9s megismerheted azokat a jeleket, amelyek seg\u00edtenek megk\u00fcl\u00f6nb\u00f6ztetni a mesters\u00e9ges alkot\u00e1sokat a val\u00f3di dokumentumokt\u00f3l.<\/p>\n\n\n\n<h2 class=\"wp-block-heading\">A mesters\u00e9ges intelligencia \u00e1ltal t\u00e1mogatott tartalom egyre realisztikusabb\u00e1 v\u00e1lik.<\/h2>\n\n\n\n<p class=\"wp-block-paragraph\">Kezdetben a mesters\u00e9ges intelligencia \u00e1ltal gener\u00e1lt k\u00e9peket k\u00f6nnyebb volt azonos\u00edtani. A furcsa ujjakkal ell\u00e1tott kezek, az eltorz\u00edtott arcok, az \u00e9rtelmetlen sz\u00f6vegek \u00e9s a zavaros h\u00e1tterek el\u00e1rult\u00e1k mesters\u00e9ges eredet\u00fcket. Ma ezek a hib\u00e1k tov\u00e1bbra is el\u0151fordulhatnak, de kev\u00e9sb\u00e9 nyilv\u00e1nval\u00f3ak.<\/p>\n\n\n\n<p class=\"wp-block-paragraph\">A modern eszk\u00f6z\u00f6k term\u00e9szetes megvil\u00e1g\u00edt\u00e1s\u00fa, realisztikus kifejez\u00e9seket, r\u00e9szletes text\u00far\u00e1kat \u00e9s nagyon meggy\u0151z\u0151 jeleneteket k\u00e9pesek l\u00e9trehozni. Ugyanez vonatkozik a vide\u00f3kra, hanganyagokra \u00e9s sz\u00f6vegekre is. A kl\u00f3nozott hangok ut\u00e1nozhatj\u00e1k a hanglejt\u00e9st, a sz\u00fcneteket \u00e9s az \u00e9rzelmeket. A sz\u00f6vegek \u00fagy t\u0171nhetnek, mintha val\u00f3di emberek \u00edrt\u00e1k volna \u0151ket. A vide\u00f3k pedig olyan valakinek a kijelent\u00e9seit szimul\u00e1lhatj\u00e1k, aki soha nem mondta ki \u0151ket.<\/p>\n\n\n\n<p class=\"wp-block-paragraph\">Ez\u00e9rt a tartalom megjelen\u00e9s\u00e9re hagyatkozni m\u00e1r nem elegend\u0151. Min\u00e9l fejlettebb a technol\u00f3gia, ann\u00e1l fontosabb\u00e1 v\u00e1lik a kontextus, a sz\u00e1rmaz\u00e1s \u00e9s a sz\u00e1nd\u00e9k ellen\u0151rz\u00e9se.<\/p>\n\n\n\n<h2 class=\"wp-block-heading\">A mesters\u00e9ges intelligencia \u00e1ltal gener\u00e1lt k\u00e9pek kisebb hib\u00e1kat tartalmazhatnak.<\/h2>\n\n\n\n<p class=\"wp-block-paragraph\">A fejleszt\u00e9sek ellen\u00e9re a mesters\u00e9ges intelligencia \u00e1ltal gener\u00e1lt k\u00e9pek tov\u00e1bbra is mutathatnak furcsa von\u00e1sokat. A kezek, ujjak, fogak, szem\u00fcvegek, f\u00fclbeval\u00f3k, t\u00fckr\u00f6z\u0151d\u00e9sek, \u00e1rny\u00e9kok \u00e9s a h\u00e1tt\u00e9rsz\u00f6veg tov\u00e1bbra is olyan ter\u00fcletek, ahol gyakran el\u0151fordulnak hib\u00e1k.<\/p>\n\n\n\n<p class=\"wp-block-paragraph\">Egy arc t\u00f6k\u00e9letesnek t\u0171nhet, de a t\u00fck\u00f6rk\u00e9pe hib\u00e1s lehet. Valaki ok n\u00e9lk\u00fcl viselhet k\u00fcl\u00f6nb\u00f6z\u0151 f\u00fclbeval\u00f3kat mindk\u00e9t f\u00fcl\u00e9ben. Egy rendsz\u00e1mt\u00e1bl\u00e1n \u00f6sszekeveredhetnek a bet\u0171k. Egy t\u00e1rgy finoman \u00f6sszeolvadhat a m\u00e1sikkal.<\/p>\n\n\n\n<p class=\"wp-block-paragraph\">Ezek a r\u00e9szletek \u00f6nmagukban nem bizony\u00edtj\u00e1k, hogy a k\u00e9pet mesters\u00e9ges intelligencia k\u00e9sz\u00edtette, de figyelmeztet\u0151 jelek. Amikor valami t\u00fal realisztikusnak t\u0171nik, ugyanakkor apr\u00f3 vizu\u00e1lis ellentmond\u00e1sokat mutat, \u00e9rdemes tov\u00e1bbi vizsg\u00e1latokat v\u00e9gezni.<\/p>\n\n\n\n<h2 class=\"wp-block-heading\">A hamis vide\u00f3kat nehezebb kisz\u00farni.<\/h2>\n\n\n\n<p class=\"wp-block-paragraph\">A mesters\u00e9ges intelligencia \u00e1ltal gener\u00e1lt vagy manipul\u00e1lt vide\u00f3k, k\u00f6zismertebb nev\u00e9n a deepfake-ek, m\u00e9g aggaszt\u00f3bbak. Olyan dolgokat l\u00e1thatunk rajtuk, amik soha nem t\u00f6rt\u00e9ntek meg.<\/p>\n\n\n\n<p class=\"wp-block-paragraph\">R\u00e9gebben gyakori volt a pislog\u00e1s hib\u00e1i, a szinkronon k\u00edv\u00fcli sz\u00e1jmozg\u00e1sok vagy a furcsa mozdulatok. Ma m\u00e1r sok vide\u00f3 korrig\u00e1lja ezeknek a probl\u00e9m\u00e1knak a nagy r\u00e9sz\u00e9t. Ennek ellen\u00e9re is megjelenhetnek bizonyos jelek: az arcon el\u0151fordul\u00f3 inkonzisztens megvil\u00e1g\u00edt\u00e1s, term\u00e9szetellenes mozg\u00e1sok, helytelen \u00e1rny\u00e9kok, enyh\u00e9n mesters\u00e9ges hangz\u00e1s vagy a besz\u00e9dhez nem ill\u0151 arckifejez\u00e9sek.<\/p>\n\n\n\n<p class=\"wp-block-paragraph\">Az Egyes\u00fclt Kir\u00e1lys\u00e1g korm\u00e1nya 2026-ban kiemelte, hogy a v\u00e1llalatok \u00e9s a korm\u00e1nyok deepfake-\u00e9szlel\u00e9si technol\u00f3gi\u00e1kat alkalmaznak a csal\u00e1smegel\u0151z\u00e9s, a m\u00e1rkav\u00e9delem, a szem\u00e9lyazonoss\u00e1g-ellen\u0151rz\u00e9s \u00e9s a dezinform\u00e1ci\u00f3 elleni k\u00fczdelem \u00e9rdek\u00e9ben. Ez azt mutatja, hogy a probl\u00e9ma m\u00e1r nem puszt\u00e1n technol\u00f3giai kuri\u00f3zum, hanem val\u00f3di biztons\u00e1gi agg\u00e1lyt jelent.<\/p>\n\n\n\n<h2 class=\"wp-block-heading\">A mesters\u00e9ges hangok megt\u00e9veszt\u0151ek lehetnek.<\/h2>\n\n\n\n<p class=\"wp-block-paragraph\">A hangkl\u00f3noz\u00e1s az egyik leg\u00e9rz\u00e9kenyebb ter\u00fclet. N\u00e9h\u00e1ny eszk\u00f6z mind\u00f6ssze n\u00e9h\u00e1ny m\u00e1sodperces vagy perces felv\u00e9tellel k\u00e9pes olyan hangot l\u00e9trehozni, amely egy val\u00f3di szem\u00e9ly hangj\u00e1ra hasonl\u00edt. Ez felhaszn\u00e1lhat\u00f3 sz\u00f3rakoztat\u00e1sban, szinkronhangk\u00e9nt \u00e9s akad\u00e1lymentes\u00edt\u00e9sben, de csal\u00e1sokban is.<\/p>\n\n\n\n<p class=\"wp-block-paragraph\">Egy p\u00e9nzt k\u00e9r\u0151 hang\u00fczenet, egy csal\u00e1dtagt\u00f3l sz\u00e1rmaz\u00f3, \u00e1ll\u00edt\u00f3lagosan s\u00fcrg\u0151s \u00fczenet, vagy egy k\u00f6zszerepl\u0151nek tulajdon\u00edtott kijelent\u00e9s hamis lehet. Ez\u00e9rt, amikor v\u00e1ratlanul p\u00e9nz\u00fcgyi k\u00e9r\u00e9st vagy komoly inform\u00e1ci\u00f3t tartalmaz\u00f3 hang\u00fczenetet kap, ellen\u0151rizze azt egy m\u00e1sik csatorn\u00e1n kereszt\u00fcl.<\/p>\n\n\n\n<p class=\"wp-block-paragraph\">H\u00edvd fel az illet\u0151t, tegy\u00e9l fel konkr\u00e9t k\u00e9rd\u00e9seket, vagy ellen\u0151rizd, hogy a helyzet val\u00f3ban fenn\u00e1ll-e. A hang \u00f6nmag\u00e1ban m\u00e1r nem garant\u00e1lja a hiteless\u00e9get.<\/p>\n\n\n\n<h2 class=\"wp-block-heading\">A mesters\u00e9ges intelligencia \u00e1ltal gener\u00e1lt sz\u00f6vegeket nem mindig k\u00f6nny\u0171 azonos\u00edtani.<\/h2>\n\n\n\n<p class=\"wp-block-paragraph\">A mesters\u00e9ges intelligencia \u00e1ltal gener\u00e1lt sz\u00f6vegek vil\u00e1gosak, j\u00f3l szerkesztettek \u00e9s meggy\u0151z\u0151ek lehetnek. Ez\u00e9rt neh\u00e9z \u0151ket puszt\u00e1n az \u00edr\u00e1sm\u00f3d alapj\u00e1n felismerni. N\u00e9h\u00e1ny gyakori jel a t\u00falzottan \u00e1ltal\u00e1nos kifejez\u00e9sek, a konkr\u00e9t v\u00e9lem\u00e9nyek hi\u00e1nya, az ism\u00e9tl\u00e9sek, a forr\u00e1sok hi\u00e1nya, valamint a helyesnek t\u0171n\u0151, de ellen\u0151rizhet\u0151 r\u00e9szletek n\u00e9lk\u00fcli v\u00e1laszok.<\/p>\n\n\n\n<p class=\"wp-block-paragraph\">Ezek a jelek azonban emberi sz\u00f6vegekben is megjelenhetnek. Hasonl\u00f3k\u00e9ppen, a mesters\u00e9ges intelligencia \u00e1ltal gener\u00e1lt sz\u00f6vegeket az emberek \u00e1ttekinthetik, \u00e9s term\u00e9szetesebb\u00e9 v\u00e1lhatnak. Ez\u00e9rt az automatikus mesters\u00e9ges intelligencia \u00e1ltal gener\u00e1lt sz\u00f6vegfelismer\u0151ket \u00f3vatosan kell haszn\u00e1lni, mivel hib\u00e1kat v\u00e9thetnek.<\/p>\n\n\n\n<p class=\"wp-block-paragraph\">A legjobb strat\u00e9gia az inform\u00e1ci\u00f3 min\u0151s\u00e9g\u00e9nek felm\u00e9r\u00e9se. Megb\u00edzhat\u00f3 forr\u00e1sokra hivatkozik a sz\u00f6veg? Megad-e d\u00e1tumokat, neveket \u00e9s kontextust? Bizony\u00edt\u00e9kokat mutat be? Vagy csup\u00e1n \u00e1ll\u00edt dolgokat bizony\u00edt\u00e9kok n\u00e9lk\u00fcl?<\/p>\n\n\n\n<h2 class=\"wp-block-heading\">Metaadatok \u00e9s tartalomhiteles\u00edt\u0151 adatok seg\u00edts\u00e9ge<\/h2>\n\n\n\n<p class=\"wp-block-paragraph\">Az egyik fontos trend a digit\u00e1lis hiteles\u00edt\u0151 adatok haszn\u00e1lata a k\u00e9pek, vide\u00f3k \u00e9s egy\u00e9b f\u00e1jlok eredet\u00e9nek jelz\u00e9s\u00e9re. A C2PA szabv\u00e1nyt p\u00e9ld\u00e1ul a digit\u00e1lis tartalom eredet\u00e9vel \u00e9s szerkeszt\u00e9s\u00e9vel kapcsolatos inform\u00e1ci\u00f3k r\u00f6gz\u00edt\u00e9s\u00e9re hozt\u00e1k l\u00e9tre. Maga a C2PA szervezet is ny\u00edlt szabv\u00e1nyk\u00e9nt defini\u00e1lja munk\u00e1j\u00e1t a digit\u00e1lis tartalom eredet\u00e9nek \u00e9s v\u00e1ltoz\u00e1sainak meg\u00e1llap\u00edt\u00e1s\u00e1ra.<\/p>\n\n\n\n<p class=\"wp-block-paragraph\">Ezek a hiteles\u00edt\u0151 adatok megmondhatj\u00e1k, hogy a k\u00e9p kamer\u00e1b\u00f3l sz\u00e1rmazik-e, hogy szerkesztett\u00e9k-e, \u00e9s hogy mesters\u00e9ges intelligenci\u00e1t haszn\u00e1ltak-e. A Google olyan funkci\u00f3kat is bejelentett, amelyek seg\u00edtenek a felhaszn\u00e1l\u00f3knak a k\u00e9pek eredet\u00e9nek ellen\u0151rz\u00e9s\u00e9ben olyan eszk\u00f6z\u00f6kkel, mint a Lens, a MI m\u00f3d, a Circle to Search \u00e9s a Gemini a Chrome-ban, bele\u00e9rtve a tartalomhiteles\u00edt\u0151 adatok ellen\u0151rz\u00e9s\u00e9t is.<\/p>\n\n\n\n<p class=\"wp-block-paragraph\">Az OpenAI bejelentette a Content Credentials, a SynthID \u00e9s egy kezdeti nyilv\u00e1nos ellen\u0151rz\u0151 eszk\u00f6zzel kapcsolatos er\u0151fesz\u00edt\u00e9seit is, amelyek seg\u00edtenek meg\u00e9rteni a mesters\u00e9ges intelligencia \u00e1ltal gener\u00e1lt tartalmak eredet\u00e9t.<\/p>\n\n\n\n<h2 class=\"wp-block-heading\">De egyetlen eszk\u00f6z sem t\u00f6k\u00e9letes.<\/h2>\n\n\n\n<p class=\"wp-block-paragraph\">A fejleszt\u00e9sek ellen\u00e9re egyetlen m\u00f3dszer sem t\u00e9vedhetetlen. A metaadatok elt\u00e1vol\u00edthat\u00f3k, ha egy k\u00e9pet \u00fajra felt\u00f6ltenek, szerkesztenek, k\u00e9perny\u0151k\u00e9pk\u00e9nt r\u00f6gz\u00edtenek, vagy olyan platformokon tesznek k\u00f6zz\u00e9, amelyek nem \u0151rzik meg ezeket az inform\u00e1ci\u00f3kat. El\u0151fordulhat, hogy a v\u00edzjelek nem jelennek meg az \u00e1tl\u00e1tsz\u00f3s\u00e1gi szabv\u00e1nyokat nem alkalmaz\u00f3 eszk\u00f6z\u00f6kkel l\u00e9trehozott tartalmakban.<\/p>\n\n\n\n<p class=\"wp-block-paragraph\">A legfrissebb jelent\u00e9sek kiemelik, hogy az olyan rendszerek, mint a C2PA \u00e9s a SynthID, \u00edg\u00e9retesek, de megfelel\u0151 m\u0171k\u00f6d\u00e9s\u00fckh\u00f6z sz\u00e9les k\u00f6r\u0171 elterjed\u00e9s\u00fckre van sz\u00fcks\u00e9g a platformok, a mesters\u00e9ges intelligencia modellek \u00e9s a t\u00e1rhelyszolg\u00e1ltat\u00e1sok k\u00f6r\u00e9ben. Aggodalomra ad okot az is, hogy az eszk\u00f6z\u00f6k \u00e1ltal gener\u00e1lt tartalom nem felel meg ezeknek a szabv\u00e1nyoknak.<\/p>\n\n\n\n<p class=\"wp-block-paragraph\">Ez\u00e9rt a m\u0171szaki ellen\u0151rz\u00e9st kritikai elemz\u00e9ssel kell kombin\u00e1lni.<\/p>\n\n\n\n<h2 class=\"wp-block-heading\">Hogyan ellen\u0151rizhet\u0151, hogy valami val\u00f3di-e<\/h2>\n\n\n\n<p class=\"wp-block-paragraph\">Az els\u0151 tipp a forr\u00e1s ellen\u0151rz\u00e9se. Ki tette k\u00f6zz\u00e9? Megb\u00edzhat\u00f3 h\u00edrport\u00e1l, hivatalos besz\u00e1mol\u00f3 vagy ismeretlen profil? A kontextus n\u00e9lk\u00fcl k\u00f6zz\u00e9tett hat\u00e1sos tartalommal \u00f3vatosan kell b\u00e1nni.<\/p>\n\n\n\n<p class=\"wp-block-paragraph\">V\u00e9gezz el egy ford\u00edtott k\u00e9pkeres\u00e9st is. A keres\u0151eszk\u00f6z\u00f6k megmutathatj\u00e1k, hogy a k\u00e9p m\u00e1r kor\u00e1bban is keringett-e, hogy kiragadt\u00e1k-e a kontextusb\u00f3l, vagy hogy t\u00e9nyellen\u0151rz\u0151 weboldalakon szerepel-e.<\/p>\n\n\n\n<p class=\"wp-block-paragraph\">Keressen m\u00e1s forr\u00e1sokat, amelyek meger\u0151s\u00edtik ugyanezt a t\u00e9nyt. Ha egy vide\u00f3 valami nagyon komoly dolgot mutat be, val\u00f3sz\u00edn\u0171leg megb\u00edzhat\u00f3 h\u00edrforr\u00e1sok is besz\u00e1molnak r\u00f3la. Ha csak k\u00e9tes profilok tett\u00e9k k\u00f6zz\u00e9, legyen gyanakv\u00f3.<\/p>\n\n\n\n<p class=\"wp-block-paragraph\">Figyelj oda a technikai r\u00e9szletekre, de ne hagyatkozz kiz\u00e1r\u00f3lag azokra. A tartalom furcs\u00e1nak t\u0171nhet, m\u00e9gis val\u00f3s\u00e1gos, vagy t\u00f6k\u00e9letesnek t\u0171nhet, m\u00e9gis hamis.<\/p>\n\n\n\n<h2 class=\"wp-block-heading\">K\u00f6vetkeztet\u00e9s<\/h2>\n\n\n\n<p class=\"wp-block-paragraph\">A mesters\u00e9ges intelligencia \u00e1ltal l\u00e9trehozott tartalmak egyre elterjedtebbek \u00e9s realisztikusabbak. A k\u00e9pek, vide\u00f3k, hangok \u00e9s sz\u00f6vegek gyorsan \u00e9s leny\u0171g\u00f6z\u0151 min\u0151s\u00e9gben hozhat\u00f3k l\u00e9tre, \u00edgy nehezebb megk\u00fcl\u00f6nb\u00f6ztetni a val\u00f3s\u00e1got a szimul\u00e1ci\u00f3t\u00f3l.<\/p>\n\n\n\n<p class=\"wp-block-paragraph\">Ahhoz, hogy k\u00fcl\u00f6nbs\u00e9get tegy\u00fcnk a val\u00f3s\u00e1g \u00e9s a mesters\u00e9ges intelligencia \u00e1ltal l\u00e9trehozott dolgok k\u00f6z\u00f6tt, sz\u00fcks\u00e9g van a vizu\u00e1lis megfigyel\u00e9s, a forr\u00e1sellen\u0151rz\u00e9s, a ford\u00edtott k\u00e9pkeres\u00e9s, a kontextuselemz\u00e9s \u00e9s az ellen\u0151rz\u0151 eszk\u00f6z\u00f6k kombin\u00e1l\u00e1s\u00e1ra. A digit\u00e1lis hiteles\u00edt\u0151 adatok \u00e9s a v\u00edzjelek seg\u00edtenek, de m\u00e9g nem oldanak meg mindent.<\/p>\n\n\n\n<p class=\"wp-block-paragraph\">A legjobb v\u00e9dekez\u00e9s a kritikai gondolkod\u00e1s. Miel\u0151tt hinn\u00e9nk, megosztan\u00e1nk vagy d\u00f6nt\u00e9st hozn\u00e1nk a tartalom alapj\u00e1n, \u00e9rdemes megk\u00e9rdezni: ki publik\u00e1lta, hol jelent meg, vannak-e m\u00e1s forr\u00e1sok, amelyek meger\u0151s\u00edtik, \u00e9s mi lehet a sz\u00e1nd\u00e9ka? A generat\u00edv mesters\u00e9ges intelligencia kor\u00e1ban a felel\u0151ss\u00e9gteljes k\u00e9telked\u00e9s alapvet\u0151 k\u00e9szs\u00e9g.<\/p>\n\n\n\n<p class=\"wp-block-paragraph\"><\/p>","protected":false},"excerpt":{"rendered":"<p>A intelig\u00eancia artificial mudou a forma como textos, imagens, v\u00eddeos, vozes e m\u00fasicas s\u00e3o produzidos. Hoje, uma pessoa pode gerar uma imagem realista em segundos, criar um v\u00eddeo com apar\u00eancia profissional, simular vozes, escrever artigos, montar apresenta\u00e7\u00f5es e editar fotos com poucos comandos. Isso abriu muitas possibilidades criativas, mas tamb\u00e9m trouxe uma d\u00favida cada vez [&hellip;]<\/p>\n","protected":false},"author":1,"featured_media":977,"comment_status":"open","ping_status":"open","sticky":false,"template":"","format":"standard","meta":{"footnotes":""},"categories":[31],"tags":[],"class_list":["post-976","post","type-post","status-publish","format-standard","has-post-thumbnail","category-curiosidades"],"_links":{"self":[{"href":"https:\/\/silvadaily.com\/hu\/wp-json\/wp\/v2\/posts\/976","targetHints":{"allow":["GET"]}}],"collection":[{"href":"https:\/\/silvadaily.com\/hu\/wp-json\/wp\/v2\/posts"}],"about":[{"href":"https:\/\/silvadaily.com\/hu\/wp-json\/wp\/v2\/types\/post"}],"author":[{"embeddable":true,"href":"https:\/\/silvadaily.com\/hu\/wp-json\/wp\/v2\/users\/1"}],"replies":[{"embeddable":true,"href":"https:\/\/silvadaily.com\/hu\/wp-json\/wp\/v2\/comments?post=976"}],"version-history":[{"count":1,"href":"https:\/\/silvadaily.com\/hu\/wp-json\/wp\/v2\/posts\/976\/revisions"}],"predecessor-version":[{"id":978,"href":"https:\/\/silvadaily.com\/hu\/wp-json\/wp\/v2\/posts\/976\/revisions\/978"}],"wp:featuredmedia":[{"embeddable":true,"href":"https:\/\/silvadaily.com\/hu\/wp-json\/wp\/v2\/media\/977"}],"wp:attachment":[{"href":"https:\/\/silvadaily.com\/hu\/wp-json\/wp\/v2\/media?parent=976"}],"wp:term":[{"taxonomy":"category","embeddable":true,"href":"https:\/\/silvadaily.com\/hu\/wp-json\/wp\/v2\/categories?post=976"},{"taxonomy":"post_tag","embeddable":true,"href":"https:\/\/silvadaily.com\/hu\/wp-json\/wp\/v2\/tags?post=976"}],"curies":[{"name":"munkaf\u00fczet","href":"https:\/\/api.w.org\/{rel}","templated":true}]}}