{"id":985,"date":"2026-05-25T21:26:40","date_gmt":"2026-05-25T21:26:40","guid":{"rendered":"https:\/\/silvadaily.com\/?p=985"},"modified":"2026-05-25T21:26:41","modified_gmt":"2026-05-25T21:26:41","slug":"zaujimave-fakty-o-udrzatelnych-technologiach-ktore-by-mohli-zmenit-buducnost","status":"publish","type":"post","link":"https:\/\/silvadaily.com\/sk\/zaujimave-fakty-o-udrzatelnych-technologiach-ktore-by-mohli-zmenit-buducnost\/","title":{"rendered":"Zauj\u00edmav\u00e9 fakty o udr\u017eate\u013en\u00fdch technol\u00f3gi\u00e1ch, ktor\u00e9 by mohli zmeni\u0165 bud\u00facnos\u0165."},"content":{"rendered":"<p class=\"wp-block-paragraph\">Udr\u017eate\u013en\u00e9 technol\u00f3gie prest\u00e1vaj\u00fa by\u0165 len vzdialen\u00fdmi s\u013eubmi a za\u010d\u00ednaj\u00fa zohr\u00e1va\u0165 \u00falohu pri d\u00f4le\u017eit\u00fdch rozhodnutiach v oblasti energetiky, dopravy, po\u013enohospod\u00e1rstva, stavebn\u00edctva, priemyslu a spotreby. Obavy z klimatick\u00fdch zmien, nedostatku zdrojov, zne\u010distenia a rast\u00faceho dopytu po energii ur\u00fdchlili h\u013eadanie rie\u0161en\u00ed, ktor\u00e9 by dok\u00e1zali zn\u00ed\u017ei\u0165 vplyvy na \u017eivotn\u00e9 prostredie bez toho, aby br\u00e1nili rozvoju.<\/p>\n\n\n\n<p class=\"wp-block-paragraph\">Najzauj\u00edmavej\u0161ie je, \u017ee mnoh\u00e9 z t\u00fdchto technol\u00f3gi\u00ed sa zdaj\u00fa by\u0165 futuristick\u00e9, no u\u017e existuj\u00fa vo f\u00e1ze testovania, roz\u0161irovania alebo komer\u010dn\u00e9ho vyu\u017eitia. Niektor\u00e9 sa e\u0161te len musia sta\u0165 lacnej\u0161\u00edmi a efekt\u00edvnej\u0161\u00edmi, zatia\u013e \u010do in\u00e9 u\u017e transformuj\u00fa cel\u00e9 trhy. Ni\u017e\u0161ie objavte zauj\u00edmav\u00e9 fakty o udr\u017eate\u013en\u00fdch technol\u00f3gi\u00e1ch, ktor\u00e9 by mohli zmeni\u0165 bud\u00facnos\u0165.<\/p>\n\n\n\n<h2 class=\"wp-block-heading\">Sol\u00e1rna energia sa st\u00e1va lacnej\u0161ou a dostupnej\u0161iou.<\/h2>\n\n\n\n<p class=\"wp-block-paragraph\">Sol\u00e1rna energia je jednou z udr\u017eate\u013en\u00fdch technol\u00f3gi\u00ed, ktor\u00e1 v posledn\u00fdch rokoch zaznamenala najv\u00e4\u010d\u0161\u00ed pokrok. Sol\u00e1rne panely s\u00fa \u010doraz efekt\u00edvnej\u0161ie, dostupnej\u0161ie a be\u017enej\u0161ie v dom\u00e1cnostiach, firm\u00e1ch, farm\u00e1ch a ve\u013ek\u00fdch elektr\u00e1r\u0148ach.<\/p>\n\n\n\n<p class=\"wp-block-paragraph\">D\u00f4le\u017eit\u00fdm faktom je, \u017ee sol\u00e1rna energia sa nato\u013eko rozr\u00e1stla, \u017ee sa stala \u00fastredn\u00fdm prvkom energetickej transform\u00e1cie. V roku 2025 glob\u00e1lna v\u00fdroba energie z obnovite\u013en\u00fdch zdrojov po prv\u00fdkr\u00e1t za viac ako storo\u010die prekon\u00e1 uhlie, vypl\u00fdva z anal\u00fdzy zalo\u017eenej na Emberovom Global Electricity Review 2026, pri\u010dom obnovite\u013en\u00e9 zdroje energie bud\u00fa tvori\u0165 33,81 TP3T glob\u00e1lnej v\u00fdroby elektriny v porovnan\u00ed s 331 TP3T z uhlia.<\/p>\n\n\n\n<p class=\"wp-block-paragraph\">Tento pokrok ukazuje, \u017ee \u010dist\u00e9 zdroje energie u\u017e nie s\u00fa len mal\u00fdmi alternat\u00edvami. Za\u010d\u00ednaj\u00fa priamo konkurova\u0165 tradi\u010dn\u00fdm zdrojom, najm\u00e4 v kombin\u00e1cii s bat\u00e9riami a modernej\u0161\u00edmi elektrick\u00fdmi sie\u0165ami.<\/p>\n\n\n\n<h2 class=\"wp-block-heading\">Lep\u0161ie bat\u00e9rie dok\u00e1\u017eu zmeni\u0165 v\u0161etko.<\/h2>\n\n\n\n<p class=\"wp-block-paragraph\">Jednou z najv\u00e4\u010d\u0161\u00edch v\u00fdziev pre obnovite\u013en\u00fa energiu je jej skladovanie. Slnko v noci nesvieti a vietor nef\u00faka st\u00e1le. Preto s\u00fa pre spo\u013eahlivej\u0161iu \u010dist\u00fa energiu nevyhnutn\u00e9 \u00fa\u010dinnej\u0161ie bat\u00e9rie.<\/p>\n\n\n\n<p class=\"wp-block-paragraph\">Nov\u00e9 technol\u00f3gie bat\u00e9ri\u00ed maj\u00fa za cie\u013e zn\u00ed\u017ei\u0165 z\u00e1vislos\u0165 od drah\u00fdch materi\u00e1lov, zv\u00fd\u0161i\u0165 odolnos\u0165 a zlep\u0161i\u0165 bezpe\u010dnos\u0165. Bat\u00e9rie s\u00fa tie\u017e z\u00e1kladom pre elektromobily, autobusy, n\u00e1kladn\u00e9 vozidl\u00e1, inteligentn\u00e9 domy a elektrick\u00e9 siete.<\/p>\n\n\n\n<p class=\"wp-block-paragraph\">Jedn\u00fdm zauj\u00edmav\u00fdm trendom s\u00fa \u0161truktur\u00e1lne bat\u00e9rie, ktor\u00e9 funguj\u00fa s\u00fa\u010dasne ako stavebn\u00fd materi\u00e1l a zariadenie na ukladanie energie. Svetov\u00e9 ekonomick\u00e9 f\u00f3rum zaradilo kompozitn\u00e9 \u0161truktur\u00e1lne bat\u00e9rie medzi vznikaj\u00face technol\u00f3gie roku 2025 a zd\u00f4raznilo ich potenci\u00e1l pre vozidl\u00e1, drony a \u013eah\u0161ie zariadenia.<\/p>\n\n\n\n<p class=\"wp-block-paragraph\">V bud\u00facnosti by \u010dasti auta, lietadla alebo budovy mohli pom\u00f4c\u0165 uklada\u0165 energiu, \u010d\u00edm by sa zn\u00ed\u017eila hmotnos\u0165 a zv\u00fd\u0161ila \u00fa\u010dinnos\u0165.<\/p>\n\n\n\n<h2 class=\"wp-block-heading\">Osmotick\u00e1 energia: elektrina generovan\u00e1 z rozdielu medzi sladkou a slanou vodou.<\/h2>\n\n\n\n<p class=\"wp-block-paragraph\">M\u00e1lo zn\u00e1mou, ale fascinuj\u00facou technol\u00f3giou je osmotick\u00e1 energia. Vyu\u017e\u00edva rozdiel v slanosti medzi sladkou a slanou vodou na v\u00fdrobu elektriny.<\/p>\n\n\n\n<p class=\"wp-block-paragraph\">Toto sa m\u00f4\u017ee sta\u0165 na miestach, kde sa rieky stret\u00e1vaj\u00fa s morom. Pomocou \u0161peci\u00e1lnych membr\u00e1n syst\u00e9m vyu\u017e\u00edva tlak vytvoren\u00fd prirodzen\u00fdm mie\u0161an\u00edm v\u00f4d na v\u00fdrobu \u010distej a kon\u0161tantnej energie.<\/p>\n\n\n\n<p class=\"wp-block-paragraph\">Svetov\u00e9 ekonomick\u00e9 f\u00f3rum vyzdvihlo osmotick\u00e9 energetick\u00e9 syst\u00e9my medzi vznikaj\u00facimi technol\u00f3giami roku 2025 a poznamenalo, \u017ee pokroky v materi\u00e1loch a dizajne o\u017eivili z\u00e1ujem o toto rie\u0161enie, ktor\u00e9 m\u00f4\u017ee ma\u0165 uplatnenie aj pri \u010disten\u00ed vody a regener\u00e1cii zdrojov.<\/p>\n\n\n\n<p class=\"wp-block-paragraph\">Hoci si st\u00e1le vy\u017eaduje invest\u00edcie a zn\u00ed\u017eenie n\u00e1kladov, t\u00e1to technol\u00f3gia ukazuje, ako m\u00f4\u017eu pr\u00edrodn\u00e9 procesy in\u0161pirova\u0165 nov\u00e9 formy energie.<\/p>\n\n\n\n<h2 class=\"wp-block-heading\">Zelen\u00fd vod\u00edk m\u00f4\u017ee pom\u00f4c\u0165 dekarbonizova\u0165 priemyseln\u00e9 odvetvia.<\/h2>\n\n\n\n<p class=\"wp-block-paragraph\">Zelen\u00fd vod\u00edk sa vyr\u00e1ba pomocou obnovite\u013enej elektriny na oddelenie vod\u00edka a kysl\u00edka z vody. Ke\u010f t\u00e1to elektrina poch\u00e1dza z \u010dist\u00fdch zdrojov, ako je slne\u010dn\u00e1 alebo vetern\u00e1 energia, tento proces m\u00f4\u017ee generova\u0165 palivo s n\u00edzkymi emisiami uhl\u00edka.<\/p>\n\n\n\n<p class=\"wp-block-paragraph\">Pova\u017euje sa za s\u013eubn\u00e9 rie\u0161enie pre odvetvia, ktor\u00e9 je \u0165a\u017ek\u00e9 elektrifikova\u0165, ako je v\u00fdroba ocele, hnoj\u00edv, n\u00e1morn\u00e1 doprava a niektor\u00e9 druhy \u0165a\u017ek\u00e9ho priemyslu. Ve\u013ekou v\u00fdhodou je, \u017ee vod\u00edk dok\u00e1\u017ee uklada\u0165 energiu a nahradi\u0165 fos\u00edlne paliv\u00e1 v procesoch, ktor\u00e9 vy\u017eaduj\u00fa ve\u013ea tepla alebo vysok\u00fa hustotu energie.<\/p>\n\n\n\n<p class=\"wp-block-paragraph\">V\u00fdzvou s\u00fa n\u00e1klady. V\u00fdroba, skladovanie a preprava zelen\u00e9ho vod\u00edka je st\u00e1le drah\u00e1. Napriek tomu mnoho kraj\u00edn a spolo\u010dnost\u00ed investuje do tejto technol\u00f3gie, preto\u017ee m\u00f4\u017ee by\u0165 d\u00f4le\u017eit\u00e1 pre zn\u00ed\u017eenie emisi\u00ed v oblastiach, kde je nedostatok bat\u00e9ri\u00ed.<\/p>\n\n\n\n<h2 class=\"wp-block-heading\">Presn\u00e9 po\u013enohospod\u00e1rstvo zni\u017euje odpad.<\/h2>\n\n\n\n<p class=\"wp-block-paragraph\">Udr\u017eate\u013en\u00e9 po\u013enohospod\u00e1rstvo sa tie\u017e transformuje v\u010faka technol\u00f3gi\u00e1m. Senzory, drony, satelity, umel\u00e1 inteligencia a anal\u00fdza \u00fadajov pom\u00e1haj\u00fa pestovate\u013eom spotrebova\u0165 menej vody, menej hnoj\u00edv a menej pestic\u00eddov a z\u00e1rove\u0148 udr\u017ea\u0165 alebo zv\u00fd\u0161i\u0165 produktivitu.<\/p>\n\n\n\n<p class=\"wp-block-paragraph\">Namiesto rovnak\u00e9ho zaobch\u00e1dzania s celou plodinou umo\u017e\u0148uje presn\u00e9 po\u013enohospod\u00e1rstvo presne identifikova\u0165, kde je nedostatok \u017eiv\u00edn, \u0161kodcov, prebytok vody alebo potreba zavla\u017eovania.<\/p>\n\n\n\n<p class=\"wp-block-paragraph\">V\u010faka tomu sa zni\u017euje odpad, zlep\u0161uje sa vyu\u017e\u00edvanie p\u00f4dy a m\u00f4\u017ee sa zmierni\u0165 vplyv na \u017eivotn\u00e9 prostredie. Vo svete s rast\u00facou popul\u00e1ciou a klimatick\u00fdmi zmenami bude efekt\u00edvnej\u0161ia v\u00fdroba potrav\u00edn nevyhnutn\u00e1.<\/p>\n\n\n\n<p class=\"wp-block-paragraph\">T\u00e1to technol\u00f3gia m\u00f4\u017ee by\u0165 prospe\u0161n\u00e1 aj pre mal\u00fdch v\u00fdrobcov, za predpokladu, \u017ee sa stane dostupnej\u0161ou a prisp\u00f4sobenou r\u00f4znym realit\u00e1m.<\/p>\n\n\n\n<h2 class=\"wp-block-heading\">Fix\u00e1cia zelen\u00e9ho dus\u00edka<\/h2>\n\n\n\n<p class=\"wp-block-paragraph\">Dus\u00edkat\u00e9 hnojiv\u00e1 s\u00fa nevyhnutn\u00e9 pre modern\u00e9 po\u013enohospod\u00e1rstvo, ale ich tradi\u010dn\u00e1 v\u00fdroba spotreb\u00fava ve\u013ea energie a generuje emisie. Vedci preto h\u013eadaj\u00fa udr\u017eate\u013enej\u0161ie sp\u00f4soby v\u00fdroby alebo nahradenia t\u00fdchto hnoj\u00edv.<\/p>\n\n\n\n<p class=\"wp-block-paragraph\">Zelen\u00e1 fix\u00e1cia dus\u00edka je jednou z nov\u00fdch technol\u00f3gi\u00ed, ktor\u00e9 zd\u00f4raznilo Svetov\u00e9 ekonomick\u00e9 f\u00f3rum pre rok 2025. Cie\u013eom je vyvin\u00fa\u0165 \u010distej\u0161ie procesy na transform\u00e1ciu dus\u00edka do foriem u\u017eito\u010dn\u00fdch pre rastliny, \u010d\u00edm sa zn\u00ed\u017ei z\u00e1vislos\u0165 od energeticky n\u00e1ro\u010dn\u00fdch priemyseln\u00fdch met\u00f3d.<\/p>\n\n\n\n<p class=\"wp-block-paragraph\">Ak sa t\u00e1to technol\u00f3gia posunie vpred, mohla by zn\u00ed\u017ei\u0165 emisie v po\u013enohospod\u00e1rstve a zn\u00ed\u017ei\u0165 z\u00e1vislos\u0165 produkcie potrav\u00edn od fos\u00edlnych pal\u00edv.<\/p>\n\n\n\n<h2 class=\"wp-block-heading\">Udr\u017eate\u013en\u00e9 materi\u00e1ly v stavebn\u00edctve<\/h2>\n\n\n\n<p class=\"wp-block-paragraph\">Stavebn\u00fd priemysel spotreb\u00fava ve\u013ea zdrojov a produkuje ve\u013ek\u00e9 objemy odpadu. Preto m\u00f4\u017eu udr\u017eate\u013en\u00e9 materi\u00e1ly v\u00fdrazne zmeni\u0165 bud\u00facnos\u0165 miest.<\/p>\n\n\n\n<p class=\"wp-block-paragraph\">Medzi mo\u017enosti patr\u00ed n\u00edzkouhl\u00edkov\u00fd bet\u00f3n, technick\u00e9 drevo, tehly vyroben\u00e9 z odpadov\u00fdch materi\u00e1lov, menej zne\u010dis\u0165uj\u00face farby, \u00fa\u010dinn\u00e1 tepeln\u00e1 izol\u00e1cia a recyklovan\u00e9 materi\u00e1ly.<\/p>\n\n\n\n<p class=\"wp-block-paragraph\">Okrem zn\u00ed\u017eenia emisi\u00ed m\u00f4\u017eu tieto materi\u00e1ly zlep\u0161i\u0165 tepeln\u00fa pohodu budov, \u010d\u00edm sa zn\u00ed\u017ei spotreba klimatiz\u00e1cie a elektriny.<\/p>\n\n\n\n<p class=\"wp-block-paragraph\">Udr\u017eate\u013en\u00e9 budovy nez\u00e1visia len od sofistikovan\u00fdch technol\u00f3gi\u00ed. D\u00f4le\u017eit\u00e9 s\u00fa aj dobre navrhnut\u00e9 projekty, prirodzen\u00e9 vetranie, vyu\u017e\u00edvanie slne\u010dn\u00e9ho \u017eiarenia, zelen\u00e9 strechy a zachyt\u00e1vanie da\u017e\u010fovej vody.<\/p>\n\n\n\n<h2 class=\"wp-block-heading\">Zachyt\u00e1vanie a op\u00e4tovn\u00e9 pou\u017eitie uhl\u00edka<\/h2>\n\n\n\n<p class=\"wp-block-paragraph\">\u010eal\u0161ou technol\u00f3giou, ktor\u00e1 by mohla z\u00edska\u0165 na v\u00fdzname, je zachyt\u00e1vanie uhl\u00edka. Cie\u013eom je odstr\u00e1ni\u0165 oxid uhli\u010dit\u00fd z priemyseln\u00fdch zdrojov alebo dokonca priamo zo vzduchu, \u010d\u00edm sa zabr\u00e1ni jeho dosiahnutiu atmosf\u00e9ry.<\/p>\n\n\n\n<p class=\"wp-block-paragraph\">V niektor\u00fdch pr\u00edpadoch sa tento uhl\u00edk m\u00f4\u017ee uklada\u0165 v geologick\u00fdch form\u00e1ci\u00e1ch. V in\u00fdch sa m\u00f4\u017ee op\u00e4tovne pou\u017ei\u0165 pri v\u00fdrobe syntetick\u00fdch pal\u00edv, stavebn\u00fdch materi\u00e1lov alebo chemik\u00e1li\u00ed.<\/p>\n\n\n\n<p class=\"wp-block-paragraph\">T\u00e1to technol\u00f3gia je st\u00e1le drah\u00e1 a nenahr\u00e1dza potrebu zni\u017eova\u0165 emisie pri zdroji. M\u00f4\u017ee v\u0161ak by\u0165 u\u017eito\u010dn\u00e1 v odvetviach, kde je \u00fapln\u00e9 odstr\u00e1nenie emisi\u00ed ve\u013emi \u0165a\u017ek\u00e9.<\/p>\n\n\n\n<h2 class=\"wp-block-heading\">Obehov\u00e9 hospod\u00e1rstvo a pokro\u010dil\u00e1 recykl\u00e1cia<\/h2>\n\n\n\n<p class=\"wp-block-paragraph\">Cie\u013eom obehov\u00e9ho hospod\u00e1rstva je zn\u00ed\u017ei\u0165 mno\u017estvo odpadu t\u00fdm, \u017ee sa materi\u00e1ly bud\u00fa pou\u017e\u00edva\u0165 \u010do najdlh\u0161ie. Namiesto \u0165a\u017eby, v\u00fdroby, spotreby a vyhadzovania je cie\u013eom op\u00e4tovne pou\u017e\u00edva\u0165, opravova\u0165, recyklova\u0165 a prer\u00e1ba\u0165 produkty.<\/p>\n\n\n\n<p class=\"wp-block-paragraph\">Pokro\u010dil\u00e9 recykla\u010dn\u00e9 technol\u00f3gie m\u00f4\u017eu pom\u00f4c\u0165 premeni\u0165 plastov\u00fd, elektronick\u00fd, textiln\u00fd a priemyseln\u00fd odpad na nov\u00e9 materi\u00e1ly. To zni\u017euje tlak na pr\u00edrodn\u00e9 zdroje a objem odpadu, ktor\u00fd sa uklad\u00e1 na skl\u00e1dky.<\/p>\n\n\n\n<p class=\"wp-block-paragraph\">V bud\u00facnosti m\u00f4\u017eu by\u0165 produkty navrhnut\u00e9 od z\u00e1kladov tak, aby sa u\u013eah\u010dila oprava, demont\u00e1\u017e a op\u00e4tovn\u00e9 pou\u017eitie. T\u00e1to zmena z\u00e1vis\u00ed od technol\u00f3gi\u00ed aj od nov\u00fdch spotrebite\u013esk\u00fdch n\u00e1vykov.<\/p>\n\n\n\n<h2 class=\"wp-block-heading\">Z\u00e1ver<\/h2>\n\n\n\n<p class=\"wp-block-paragraph\">Udr\u017eate\u013en\u00e9 technol\u00f3gie, ktor\u00e9 m\u00f4\u017eu zmeni\u0165 bud\u00facnos\u0165, ukazuj\u00fa, \u017ee inov\u00e1cie a environment\u00e1lna zodpovednos\u0165 musia \u00eds\u0165 ruka v ruke. Sol\u00e1rna energia, pokro\u010dil\u00e9 bat\u00e9rie, osmotick\u00e1 energia, zelen\u00fd vod\u00edk, presn\u00e9 po\u013enohospod\u00e1rstvo, zelen\u00e1 fix\u00e1cia dus\u00edka, udr\u017eate\u013en\u00e9 materi\u00e1ly, zachyt\u00e1vanie uhl\u00edka a obehov\u00e9 hospod\u00e1rstvo s\u00fa pr\u00edkladmi rie\u0161en\u00ed s ve\u013ek\u00fdm potenci\u00e1lom.<\/p>\n\n\n\n<p class=\"wp-block-paragraph\">Nie v\u0161etky s\u00fa pripraven\u00e9 na rozsiahle vyu\u017eitie a mnoh\u00e9 st\u00e1le \u010delia v\u00fdzvam s\u00favisiacim s n\u00e1kladmi, infra\u0161trukt\u00farou a regul\u00e1ciou. Napriek tomu poukazuj\u00fa na d\u00f4le\u017eit\u00fa cestu: produkova\u0165 viac s men\u0161\u00edm mno\u017estvom odpadu, vyr\u00e1ba\u0165 \u010dist\u00fa energiu, chr\u00e1ni\u0165 pr\u00edrodn\u00e9 zdroje a vytv\u00e1ra\u0165 efekt\u00edvnej\u0161ie mest\u00e1.<\/p>\n\n\n\n<p class=\"wp-block-paragraph\">Udr\u017eate\u013en\u00e1 bud\u00facnos\u0165 nebude z\u00e1visie\u0165 od jedin\u00e9ho z\u00e1zra\u010dn\u00e9ho vyn\u00e1lezu, ale od kombin\u00e1cie r\u00f4znych technol\u00f3gi\u00ed, rozumn\u00fdch verejn\u00fdch polit\u00edk a uvedomel\u00fdch spolo\u010densk\u00fdch rozhodnut\u00ed.<\/p>\n\n\n\n<p class=\"wp-block-paragraph\"><\/p>","protected":false},"excerpt":{"rendered":"<p>As tecnologias sustent\u00e1veis est\u00e3o deixando de ser apenas promessas distantes e come\u00e7am a fazer parte de decis\u00f5es importantes em energia, transporte, agricultura, constru\u00e7\u00e3o, ind\u00fastria e consumo. A preocupa\u00e7\u00e3o com mudan\u00e7as clim\u00e1ticas, escassez de recursos, polui\u00e7\u00e3o e aumento da demanda por energia acelerou a busca por solu\u00e7\u00f5es capazes de reduzir impactos ambientais sem impedir o desenvolvimento. [&hellip;]<\/p>\n","protected":false},"author":1,"featured_media":987,"comment_status":"open","ping_status":"open","sticky":false,"template":"","format":"standard","meta":{"footnotes":""},"categories":[31],"tags":[],"class_list":["post-985","post","type-post","status-publish","format-standard","has-post-thumbnail","category-curiosidades"],"_links":{"self":[{"href":"https:\/\/silvadaily.com\/sk\/wp-json\/wp\/v2\/posts\/985","targetHints":{"allow":["GET"]}}],"collection":[{"href":"https:\/\/silvadaily.com\/sk\/wp-json\/wp\/v2\/posts"}],"about":[{"href":"https:\/\/silvadaily.com\/sk\/wp-json\/wp\/v2\/types\/post"}],"author":[{"embeddable":true,"href":"https:\/\/silvadaily.com\/sk\/wp-json\/wp\/v2\/users\/1"}],"replies":[{"embeddable":true,"href":"https:\/\/silvadaily.com\/sk\/wp-json\/wp\/v2\/comments?post=985"}],"version-history":[{"count":1,"href":"https:\/\/silvadaily.com\/sk\/wp-json\/wp\/v2\/posts\/985\/revisions"}],"predecessor-version":[{"id":988,"href":"https:\/\/silvadaily.com\/sk\/wp-json\/wp\/v2\/posts\/985\/revisions\/988"}],"wp:featuredmedia":[{"embeddable":true,"href":"https:\/\/silvadaily.com\/sk\/wp-json\/wp\/v2\/media\/987"}],"wp:attachment":[{"href":"https:\/\/silvadaily.com\/sk\/wp-json\/wp\/v2\/media?parent=985"}],"wp:term":[{"taxonomy":"category","embeddable":true,"href":"https:\/\/silvadaily.com\/sk\/wp-json\/wp\/v2\/categories?post=985"},{"taxonomy":"post_tag","embeddable":true,"href":"https:\/\/silvadaily.com\/sk\/wp-json\/wp\/v2\/tags?post=985"}],"curies":[{"name":"pracovn\u00fd list","href":"https:\/\/api.w.org\/{rel}","templated":true}]}}