{"id":998,"date":"2026-05-25T21:35:27","date_gmt":"2026-05-25T21:35:27","guid":{"rendered":"https:\/\/silvadaily.com\/?p=998"},"modified":"2026-05-25T21:35:28","modified_gmt":"2026-05-25T21:35:28","slug":"biofilna-vyzdoba-ako-priniest-viac-prirody-do-interieru","status":"publish","type":"post","link":"https:\/\/silvadaily.com\/sk\/biofilna-vyzdoba-ako-priniest-viac-prirody-do-interieru\/","title":{"rendered":"Biofiln\u00e9 zdobenie: ako prinies\u0165 viac pr\u00edrody do interi\u00e9ru"},"content":{"rendered":"<p class=\"wp-block-paragraph\">Biofiln\u00fd dekor je trend, ktor\u00fd si z\u00edskava \u010doraz viac priestoru, preto\u017ee reaguje na ve\u013emi aktu\u00e1lnu potrebu: \u017eivot v pr\u00edjemnej\u0161om, prirodzenej\u0161om prostred\u00ed spojenom s pohodou. Uprostred r\u00fdchleho tempa, prebytku obrazoviek a \u017eivota v \u010doraz urbanizovanej\u0161\u00edch mest\u00e1ch m\u00f4\u017ee vnesenie prvkov pr\u00edrody do interi\u00e9ru urobi\u0165 priestory pr\u00edjemnej\u0161\u00edmi, svetlej\u0161\u00edmi a pohodlnej\u0161\u00edmi.<\/p>\n\n\n\n<p class=\"wp-block-paragraph\">Term\u00edn biof\u00edlia sa vz\u0165ahuje na prirodzen\u00e9 spojenie, ktor\u00e9 maj\u00fa \u013eudsk\u00e9 bytosti s pr\u00edrodou. V interi\u00e9rovom dizajne sa tento koncept prejavuje prostredn\u00edctvom pou\u017eitia rastl\u00edn, prirodzen\u00e9ho svetla, dreva, kame\u0148ov, vody, pr\u00edrodn\u00fdch vl\u00e1kien, vetrania, organick\u00fdch farieb a foriem in\u0161pirovan\u00fdch pr\u00edrodn\u00fdm svetom.<\/p>\n\n\n\n<p class=\"wp-block-paragraph\">Dobrou spr\u00e1vou je, \u017ee na pou\u017eitie biofiln\u00fdch dekor\u00e1ci\u00ed nemus\u00edte b\u00fdva\u0165 vo ve\u013ekom dome ani robi\u0165 kompletn\u00fa rekon\u0161trukciu. Mal\u00e9 rozhodnutia m\u00f4\u017eu zmeni\u0165 prostredie a vytvori\u0165 v\u00e4\u010d\u0161\u00ed pocit rovnov\u00e1hy.<\/p>\n\n\n\n<h2 class=\"wp-block-heading\">\u010co je biofiln\u00e1 dekor\u00e1cia?<\/h2>\n\n\n\n<p class=\"wp-block-paragraph\">Biofiln\u00e1 v\u00fdzdoba je sp\u00f4sob navrhovania a zdobenia priestorov, ktor\u00fd zd\u00f4raz\u0148uje spojenie s pr\u00edrodou. Neobmedzuje sa len na umiestnenie nieko\u013ek\u00fdch rastl\u00edn okolo domu, hoci rastliny s\u00fa ve\u013emi d\u00f4le\u017eit\u00e9. Koncept zah\u0155\u0148a aj prirodzen\u00e9 osvetlenie, cirkul\u00e1ciu vzduchu, pr\u00edrodn\u00e9 materi\u00e1ly, organick\u00e9 text\u00fary a farby pripom\u00ednaj\u00face pr\u00edrodn\u00e9 scen\u00e9rie.<\/p>\n\n\n\n<p class=\"wp-block-paragraph\">Biofiln\u00e9 prostredie m\u00f4\u017ee zah\u0155\u0148a\u0165 odkryt\u00e9 drevo, \u013eahk\u00e9 l\u00e1tky, kvetin\u00e1\u010de, ozdobn\u00e9 kamene, dobre vyu\u017eit\u00e9 okn\u00e1, zelen\u00e9 a zemit\u00e9 t\u00f3ny a organiz\u00e1ciu, ktor\u00e1 podporuje pohodlie a pokoj.<\/p>\n\n\n\n<p class=\"wp-block-paragraph\">Cie\u013eom je vytvori\u0165 priestory, ktor\u00e9 vyjadruj\u00fa pocit \u017eivota. Namiesto chladn\u00e9ho, umel\u00e9ho a preplnen\u00e9ho prostredia sa biofiln\u00fd dekor sna\u017e\u00ed o rovnov\u00e1hu, svie\u017eos\u0165 a pr\u00edjemn\u00fa atmosf\u00e9ru.<\/p>\n\n\n\n<h2 class=\"wp-block-heading\">Za\u010dnite s rastlinami.<\/h2>\n\n\n\n<p class=\"wp-block-paragraph\">Rastliny s\u00fa najjednoduch\u0161\u00edm a najpriamej\u0161ou cestou, ako vnies\u0165 pr\u00edrodu do interi\u00e9ru. Dod\u00e1vaj\u00fa priestorom farbu, text\u00faru, pohyb a svie\u017eos\u0165. Okrem toho pom\u00e1haj\u00fa naru\u0161i\u0165 strnulos\u0165 n\u00e1bytku a doda\u0165 dekor\u00e1cii \u017eiv\u0161\u00ed vzh\u013ead.<\/p>\n\n\n\n<p class=\"wp-block-paragraph\">Pre za\u010diato\u010dn\u00edkov sa oplat\u00ed vybra\u0165 si odoln\u00e9 a nen\u00e1ro\u010dn\u00e9 druhy, ako s\u00fa pothos, ZZ rastlina, hadovit\u00e1 rastlina, peper\u00f3mia, mierumilovn\u00e1 \u013ealia a monstera. Pred k\u00fapou si v\u0161\u00edmajte osvetlenie prostredia. Niektor\u00e9 rastliny potrebuj\u00fa ve\u013ea svetla, zatia\u013e \u010do in\u00e9 sa lep\u0161ie prisp\u00f4sobia polotieni.<\/p>\n\n\n\n<p class=\"wp-block-paragraph\">V ob\u00fdvacej izbe m\u00f4\u017ee ve\u013ek\u00e1 rastlina zaplni\u0165 pr\u00e1zdny k\u00fat. V sp\u00e1lni sa daj\u00fa mal\u00e9 kvetin\u00e1\u010de umiestni\u0165 na police alebo no\u010dn\u00e9 stol\u00edky. V kuchyni bylinky ako bazalka, rozmar\u00edn a m\u00e4ta sp\u00e1jaj\u00fa kr\u00e1su a praktickos\u0165. V k\u00fape\u013eni m\u00f4\u017eu druhy miluj\u00face vlhkos\u0165 vytvori\u0165 k\u00fape\u013en\u00fa atmosf\u00e9ru.<\/p>\n\n\n\n<h2 class=\"wp-block-heading\">Vychutnajte si prirodzen\u00e9 svetlo.<\/h2>\n\n\n\n<p class=\"wp-block-paragraph\">Prirodzen\u00e9 svetlo je jedn\u00fdm z najd\u00f4le\u017eitej\u0161\u00edch prvkov biofilnej dekor\u00e1cie. Dobre osvetlen\u00e9 prostredie sa zd\u00e1 by\u0165 priestrannej\u0161ie, pr\u00edjemnej\u0161ie a pr\u00edvetivej\u0161ie. Okrem toho sa denn\u00e9 svetlo po\u010das d\u0148a men\u00ed, \u010do vytv\u00e1ra v dome dynamickej\u0161\u00ed pocit.<\/p>\n\n\n\n<p class=\"wp-block-paragraph\">Aby ste \u010do najlep\u0161ie vyu\u017eili prirodzen\u00e9 svetlo, nezakr\u00fdvajte okn\u00e1 ve\u013ek\u00fdm n\u00e1bytkom alebo \u0165a\u017ek\u00fdmi z\u00e1vesmi. Zvo\u013ete \u013eahk\u00e9 l\u00e1tky, ako je vo\u00e1l, \u013ean alebo bavlna, ktor\u00e9 filtruj\u00fa svetlo bez toho, aby pr\u00edli\u0161 zatemnili miestnos\u0165.<\/p>\n\n\n\n<p class=\"wp-block-paragraph\">Zrkadl\u00e1 m\u00f4\u017eu tie\u017e pom\u00f4c\u0165 rozpty\u013eova\u0165 svetlo. Ke\u010f s\u00fa umiestnen\u00e9 v bl\u00edzkosti okien, odr\u00e1\u017eaj\u00fa svetlo a zvy\u0161uj\u00fa pocit jasu.<\/p>\n\n\n\n<p class=\"wp-block-paragraph\">Ak nehnute\u013enos\u0165 m\u00e1 m\u00e1lo prirodzen\u00e9ho svetla, pou\u017eite na sten\u00e1ch a n\u00e1bytku svetl\u00e9 farby, aby ste zv\u00fd\u0161ili pocit \u013eahkosti.<\/p>\n\n\n\n<h2 class=\"wp-block-heading\">Pou\u017e\u00edvajte pr\u00edrodn\u00e9 materi\u00e1ly<\/h2>\n\n\n\n<p class=\"wp-block-paragraph\">Drevo, kame\u0148, bambus, slama, ratan, sisal, bavlna, \u013ean a keramika s\u00fa materi\u00e1ly ve\u013emi be\u017en\u00e9 v biofilnej v\u00fdzdobe. Prin\u00e1\u0161aj\u00fa do priestorov text\u00faru, vizu\u00e1lne teplo a organickej\u0161\u00ed vzh\u013ead.<\/p>\n\n\n\n<p class=\"wp-block-paragraph\">Drevo sa m\u00f4\u017ee objavi\u0165 v n\u00e1bytku, policiach, paneloch, podlah\u00e1ch alebo mal\u00fdch predmetoch. Pr\u00edrodn\u00e9 vl\u00e1kna sa hodia do kobercov, ko\u0161ov, l\u00e1mp a kvetin\u00e1\u010dov. Kamene sa daj\u00fa pou\u017ei\u0165 na pracovn\u00e9 dosky, obklady stien, v\u00e1zy alebo dekorat\u00edvne detaily.<\/p>\n\n\n\n<p class=\"wp-block-paragraph\">Tajomstvo spo\u010d\u00edva v vyv\u00e1\u017eenej kombin\u00e1cii t\u00fdchto materi\u00e1lov. Izba s neutr\u00e1lnou pohovkou, dreven\u00fdm stolom, kobercom z pr\u00edrodn\u00fdch vl\u00e1kien, rastlinami a keramick\u00fdmi v\u00e1zami u\u017e sama o sebe vyvol\u00e1va biofiln\u00fd pocit bez toho, aby bola prehnan\u00e1.<\/p>\n\n\n\n<p class=\"wp-block-paragraph\">Pr\u00edrodn\u00e9 materi\u00e1ly tie\u017e pom\u00e1haj\u00fa vytv\u00e1ra\u0165 nad\u010dasovej\u0161ie prostredia, preto\u017ee s\u00fa menej z\u00e1visl\u00e9 od prchav\u00fdch trendov.<\/p>\n\n\n\n<h2 class=\"wp-block-heading\">Zvo\u013ete farby in\u0161pirovan\u00e9 pr\u00edrodou.<\/h2>\n\n\n\n<p class=\"wp-block-paragraph\">Farby s\u00fa z\u00e1kladom pre vytvorenie prirodzenej atmosf\u00e9ry. Odtiene zelenej, b\u00e9\u017eovej, pieskovej, hnedej, terakotovej, hlinenej, teplej bielej, kamennosivej a jemnej modrej sa ve\u013emi dobre hodia do biofiln\u00e9ho dekoru.<\/p>\n\n\n\n<p class=\"wp-block-paragraph\">Tieto farby evokuj\u00fa listy, zem, drevo, oblohu, vodu a kamene. Pom\u00e1haj\u00fa navodi\u0165 pokoj a spr\u00edjem\u0148uj\u00fa prostredie.<\/p>\n\n\n\n<p class=\"wp-block-paragraph\">Na steny a v\u00e4\u010d\u0161\u00ed n\u00e1bytok m\u00f4\u017eete pou\u017ei\u0165 neutr\u00e1lny z\u00e1klad, pr\u00edrodn\u00e9 t\u00f3ny m\u00f4\u017eete prida\u0165 do vank\u00fa\u0161ov, prikr\u00fdvok, obrazov, kobercov a dekorat\u00edvnych predmetov. Ak chcete v\u00e4\u010d\u0161\u00ed efekt, olivovozelen\u00e1, terakotov\u00e1 alebo pieskovozelen\u00e1 stena dok\u00e1\u017ee priestor \u00faplne premeni\u0165.<\/p>\n\n\n\n<p class=\"wp-block-paragraph\">D\u00f4le\u017eit\u00e9 je vyhn\u00fa\u0165 sa nadmern\u00e9mu pou\u017e\u00edvaniu ve\u013emi siln\u00fdch umel\u00fdch farb\u00edv, ktor\u00e9 m\u00f4\u017eu naru\u0161i\u0165 pocit prirodzenosti.<\/p>\n\n\n\n<h2 class=\"wp-block-heading\">Vytvorte zelen\u00e9 plochy<\/h2>\n\n\n\n<p class=\"wp-block-paragraph\">Aj v mal\u00fdch bytoch je mo\u017en\u00e9 vytvori\u0165 zelen\u00fd k\u00fatik. D\u00e1 sa vytvori\u0165 pomocou kvetin\u00e1\u010dov r\u00f4znych v\u00fd\u0161ok, poli\u010dky s rastlinami, vertik\u00e1lnej podpery alebo aran\u017em\u00e1nu pri okne.<\/p>\n\n\n\n<p class=\"wp-block-paragraph\">Zelen\u00fd k\u00fatik p\u00f4sob\u00ed ako \u00fastredn\u00fd bod a prin\u00e1\u0161a do prostredia pocit svie\u017eosti. V ob\u00fdvacej izbe ho mo\u017eno umiestni\u0165 ved\u013ea pohovky. V sp\u00e1lni pri okne. Na balk\u00f3ne m\u00f4\u017ee zabera\u0165 stenu s vertik\u00e1lnou z\u00e1hradou.<\/p>\n\n\n\n<p class=\"wp-block-paragraph\">Pre kraj\u0161\u00ed vzh\u013ead aran\u017em\u00e1nu pou\u017eite rastliny s listami r\u00f4znych ve\u013ekost\u00ed a tvarov. Pou\u017e\u00edvajte kvetin\u00e1\u010de, ktor\u00e9 sa navz\u00e1jom dop\u013a\u0148aj\u00fa, napr\u00edklad keramick\u00e9, hlinen\u00e9, cementov\u00e9 alebo z pr\u00edrodn\u00fdch vl\u00e1kien.<\/p>\n\n\n\n<p class=\"wp-block-paragraph\">Tento typ dizajnu vytv\u00e1ra mal\u00fa z\u00f3nu spojenia s pr\u00edrodou vo vn\u00fatri domu.<\/p>\n\n\n\n<h2 class=\"wp-block-heading\">Zahr\u0148te organick\u00e9 tvary.<\/h2>\n\n\n\n<p class=\"wp-block-paragraph\">Pr\u00edroda len zriedka predstavuje \u00faplne rigidn\u00e9 l\u00ednie. Preto zaoblen\u00e9 a organick\u00e9 formy pom\u00e1haj\u00fa posilni\u0165 biofiln\u00fa estetiku.<\/p>\n\n\n\n<p class=\"wp-block-paragraph\">Okr\u00fahle stoly, ov\u00e1lne zrkadl\u00e1, nepravideln\u00e9 v\u00e1zy, ru\u010dne vyr\u00e1ban\u00e9 lampy, koberce s jemn\u00fdmi tvarmi a n\u00e1bytok s krivkami robia prostredie prirodzenej\u0161\u00edm a menej drsn\u00fdm.<\/p>\n\n\n\n<p class=\"wp-block-paragraph\">Tieto prvky funguj\u00fa obzvl\u00e1\u0161\u0165 dobre vo ve\u013emi rovn\u00fdch alebo modern\u00fdch domoch, kde je ve\u013ea \u0161tvorcov\u00e9ho n\u00e1bytku, hladk\u00e9 povrchy a studen\u00e9 materi\u00e1ly.<\/p>\n\n\n\n<p class=\"wp-block-paragraph\">Kombin\u00e1cia rovn\u00fdch l\u00edni\u00ed a organick\u00fdch tvarov vytv\u00e1ra vizu\u00e1lnu rovnov\u00e1hu.<\/p>\n\n\n\n<h2 class=\"wp-block-heading\">Zlep\u0161ite vetranie<\/h2>\n\n\n\n<p class=\"wp-block-paragraph\">Spojenie s pr\u00edrodou sa roz\u0161iruje aj na vzduch. Dusn\u00e9 prostredie sa zd\u00e1 by\u0165 menej zdrav\u00e9 a menej pohodln\u00e9. V\u017edy, ke\u010f je to mo\u017en\u00e9, nechajte okn\u00e1 po\u010das d\u0148a na ur\u010dit\u00fd \u010das otvoren\u00e9, aby sa obnovil vzduch.<\/p>\n\n\n\n<p class=\"wp-block-paragraph\">Prirodzen\u00e9 vetranie pom\u00e1ha spr\u00edjemni\u0165 \u017eivot v dome a prospieva aj mnoh\u00fdm rastlin\u00e1m. Ak dom nem\u00e1 dobr\u00fa cirkul\u00e1ciu vzduchu, ventil\u00e1tory, ods\u00e1vacie ventil\u00e1tory a dobr\u00e9 rozmiestnenie n\u00e1bytku m\u00f4\u017eu zlep\u0161i\u0165 pohodlie.<\/p>\n\n\n\n<p class=\"wp-block-paragraph\">Neblokujte pr\u00fadenie vzduchu vysok\u00fdm n\u00e1bytkom alebo \u0165a\u017ek\u00fdmi z\u00e1vesmi. Vzdu\u0161nej\u0161\u00ed domov okam\u017eite vyvol\u00e1va pocit pohody.<\/p>\n\n\n\n<h2 class=\"wp-block-heading\">Pou\u017e\u00edvajte prvky s\u00favisiace s vodou.<\/h2>\n\n\n\n<p class=\"wp-block-paragraph\">Voda m\u00f4\u017ee by\u0165 tie\u017e s\u00fa\u010das\u0165ou biofilnej dekor\u00e1cie. Mal\u00e9 dekorat\u00edvne font\u00e1ny, dobre udr\u017eiavan\u00e9 akv\u00e1ri\u00e1 alebo obr\u00e1zky, ktor\u00e9 evokuj\u00fa rieky, moria a jazer\u00e1, m\u00f4\u017eu prinies\u0165 pocit pokoja.<\/p>\n\n\n\n<p class=\"wp-block-paragraph\">Je d\u00f4le\u017eit\u00e9 pou\u017e\u00edva\u0165 tento zdroj \u0161etrne a prakticky. Font\u00e1ny potrebuj\u00fa \u00fadr\u017ebu, aby sa predi\u0161lo zne\u010disteniu a z\u00e1pachu. Akv\u00e1ri\u00e1 vy\u017eaduj\u00fa neust\u00e1lu starostlivos\u0165 o ryby a kvalitu vody.<\/p>\n\n\n\n<p class=\"wp-block-paragraph\">Ak nechcete pou\u017ei\u0165 skuto\u010dn\u00fa vodu, ma\u013eby, fotografie alebo farby in\u0161pirovan\u00e9 morom v\u00e1m u\u017e m\u00f4\u017eu pom\u00f4c\u0165 prinies\u0165 tento pr\u00edrodn\u00fd odkaz.<\/p>\n\n\n\n<h2 class=\"wp-block-heading\">Vyhnite sa nadmern\u00e9mu neporiadku.<\/h2>\n\n\n\n<p class=\"wp-block-paragraph\">Biofiln\u00e1 v\u00fdzdoba sa dobre hod\u00ed k svetl\u00e9mu a dobre organizovan\u00e9mu prostrediu. Nadbytok predmetov m\u00f4\u017ee vytv\u00e1ra\u0165 vizu\u00e1lny neporiadok a zni\u017eova\u0165 pocit pokoja.<\/p>\n\n\n\n<p class=\"wp-block-paragraph\">Zvo\u013ete si nieko\u013eko dobre zvolen\u00fdch prvkov. Kr\u00e1sna rastlina, keramick\u00e1 v\u00e1za, lampa z pr\u00edrodn\u00fdch vl\u00e1kien a bavlnen\u00e1 deka m\u00f4\u017eu ma\u0165 v\u00e4\u010d\u0161\u00ed \u00fa\u010dinok ako ve\u013ea roztr\u00fasen\u00fdch predmetov.<\/p>\n\n\n\n<p class=\"wp-block-paragraph\">Pr\u00edroda potrebuje priestor, aby si ju bolo mo\u017en\u00e9 vychutna\u0165. Preto nechajte priestory otvoren\u00e9, uprednostnite cirkul\u00e1ciu vzduchu a vyhnite sa hromadeniu zbyto\u010dn\u00fdch dekor\u00e1ci\u00ed.<\/p>\n\n\n\n<h2 class=\"wp-block-heading\">Z\u00e1ver<\/h2>\n\n\n\n<p class=\"wp-block-paragraph\">Biofiln\u00e1 v\u00fdzdoba je jednoduch\u00fd a \u00fa\u010dinn\u00fd sp\u00f4sob, ako skr\u00e1\u0161li\u0165, spr\u00edjemni\u0165 a prepoji\u0165 v\u00e1\u0161 domov s pr\u00edrodou. Rastliny, prirodzen\u00e9 svetlo, organick\u00e9 materi\u00e1ly, jemn\u00e9 farby, vetranie a pr\u00edrodn\u00e9 text\u00fary pom\u00e1haj\u00fa vytv\u00e1ra\u0165 vyv\u00e1\u017eenej\u0161ie a pr\u00edjemnej\u0161ie prostredie.<\/p>\n\n\n\n<p class=\"wp-block-paragraph\">Nemus\u00edte premeni\u0165 cel\u00fd dom naraz. Za\u010dnite s mal\u00fdmi zmenami: rastlina v ob\u00fdva\u010dke, svetlej\u0161ie z\u00e1vesy, keramick\u00e9 v\u00e1zy, zelen\u00e1 polica alebo farebn\u00e1 paleta in\u0161pirovan\u00e1 pr\u00edrodou.<\/p>\n\n\n\n<p class=\"wp-block-paragraph\">V\u010faka vedom\u00e9mu v\u00fdberu m\u00f4\u017ee ka\u017ed\u00e9 prostredie z\u00edska\u0165 viac svie\u017eosti, \u017eivota a \u00fatulnosti. Biofiln\u00fd dekor ukazuje, \u017ee prin\u00e1\u0161anie pr\u00edrody do interi\u00e9ru nie je len estetick\u00e1 z\u00e1le\u017eitos\u0165, ale aj sp\u00f4sob, ako si spr\u00edjemni\u0165 a u\u013eah\u010di\u0165 ka\u017edodenn\u00fd \u017eivot.<\/p>\n\n\n\n<p class=\"wp-block-paragraph\"><\/p>","protected":false},"excerpt":{"rendered":"<p>A decora\u00e7\u00e3o biof\u00edlica \u00e9 uma tend\u00eancia que vem ganhando cada vez mais espa\u00e7o porque responde a uma necessidade muito atual: viver em ambientes mais acolhedores, naturais e conectados ao bem-estar. Em meio \u00e0 rotina acelerada, ao excesso de telas e \u00e0 vida em cidades cada vez mais urbanizadas, trazer elementos da natureza para dentro de [&hellip;]<\/p>\n","protected":false},"author":1,"featured_media":999,"comment_status":"open","ping_status":"open","sticky":false,"template":"","format":"standard","meta":{"footnotes":""},"categories":[32],"tags":[],"class_list":["post-998","post","type-post","status-publish","format-standard","has-post-thumbnail","category-decoracao"],"_links":{"self":[{"href":"https:\/\/silvadaily.com\/sk\/wp-json\/wp\/v2\/posts\/998","targetHints":{"allow":["GET"]}}],"collection":[{"href":"https:\/\/silvadaily.com\/sk\/wp-json\/wp\/v2\/posts"}],"about":[{"href":"https:\/\/silvadaily.com\/sk\/wp-json\/wp\/v2\/types\/post"}],"author":[{"embeddable":true,"href":"https:\/\/silvadaily.com\/sk\/wp-json\/wp\/v2\/users\/1"}],"replies":[{"embeddable":true,"href":"https:\/\/silvadaily.com\/sk\/wp-json\/wp\/v2\/comments?post=998"}],"version-history":[{"count":1,"href":"https:\/\/silvadaily.com\/sk\/wp-json\/wp\/v2\/posts\/998\/revisions"}],"predecessor-version":[{"id":1000,"href":"https:\/\/silvadaily.com\/sk\/wp-json\/wp\/v2\/posts\/998\/revisions\/1000"}],"wp:featuredmedia":[{"embeddable":true,"href":"https:\/\/silvadaily.com\/sk\/wp-json\/wp\/v2\/media\/999"}],"wp:attachment":[{"href":"https:\/\/silvadaily.com\/sk\/wp-json\/wp\/v2\/media?parent=998"}],"wp:term":[{"taxonomy":"category","embeddable":true,"href":"https:\/\/silvadaily.com\/sk\/wp-json\/wp\/v2\/categories?post=998"},{"taxonomy":"post_tag","embeddable":true,"href":"https:\/\/silvadaily.com\/sk\/wp-json\/wp\/v2\/tags?post=998"}],"curies":[{"name":"pracovn\u00fd list","href":"https:\/\/api.w.org\/{rel}","templated":true}]}}