{"id":1004,"date":"2026-05-25T21:38:27","date_gmt":"2026-05-25T21:38:27","guid":{"rendered":"https:\/\/silvadaily.com\/?p=1004"},"modified":"2026-05-25T21:38:29","modified_gmt":"2026-05-25T21:38:29","slug":"vintage-ve-duygusal-dekorasyon-evinizi-modasi-gecmis-gostermeden-antika-parcalari-nasil-kullanabilirsiniz","status":"publish","type":"post","link":"https:\/\/silvadaily.com\/tr\/vintage-ve-duygusal-dekorasyon-evinizi-modasi-gecmis-gostermeden-antika-parcalari-nasil-kullanabilirsiniz\/","title":{"rendered":"Vintage ve duygusal dekorasyon: Evinizi modas\u0131 ge\u00e7mi\u015f g\u00f6stermeden antika par\u00e7alar\u0131 nas\u0131l kullanabilirsiniz?"},"content":{"rendered":"<p class=\"wp-block-paragraph\">Eski tarz ve duygusal dekorasyon, bir\u00e7ok insan\u0131n daha fazla tarih, ki\u015filik ve anlam ta\u015f\u0131yan evlere sahip olmak istemesi nedeniyle pop\u00fclerlik kazanm\u0131\u015ft\u0131r. Ma\u011faza vitrinlerindekiyle tamamen ayn\u0131 mobilya ve e\u015fyalarla dolu, tamamen standartla\u015ft\u0131r\u0131lm\u0131\u015f ortamlar yerine, antika par\u00e7alara, aile yadigarlar\u0131na, miras kalan mobilyalara, bulunan objelere ve an\u0131lar\u0131 ta\u015f\u0131yan e\u015fyalara de\u011fer verilmesi ama\u00e7lanmaktad\u0131r.<\/p>\n\n\n\n<p class=\"wp-block-paragraph\">Buradaki zorluk dengeyi bulmakta yat\u0131yor. Antika par\u00e7alar kullanmak bir evi \u00e7ekici, davetkar ve benzersiz k\u0131labilir. Ancak her \u015fey geli\u015fig\u00fczel yerle\u015ftirildi\u011finde, mekan a\u011f\u0131r, eski veya d\u00fczensiz g\u00f6r\u00fcnebilir. \u0130yi haber \u015fu ki, evi modas\u0131 ge\u00e7mi\u015f g\u00f6stermeden dekorasyona vintage mobilya ve objeler eklemek m\u00fcmk\u00fcn.<\/p>\n\n\n\n<p class=\"wp-block-paragraph\">S\u0131r, ge\u00e7mi\u015fi ve bug\u00fcn\u00fc bilin\u00e7li bir \u015fekilde harmanlamakta yat\u0131yor. \u0130yi yerle\u015ftirilmi\u015f bir antika par\u00e7a, odan\u0131n en dikkat \u00e7ekici unsuru olabilir. Uyumsuz birka\u00e7 par\u00e7a ise g\u00f6rsel karma\u015fa yaratabilir. Bu nedenle, vintage ve duygusal dekorasyon, an\u0131y\u0131, i\u015flevselli\u011fi ve hafifli\u011fi bir araya getirdi\u011finde en iyi sonucu verir.<\/p>\n\n\n\n<h2 class=\"wp-block-heading\">Vintage ve duygusal dekorasyon nedir?<\/h2>\n\n\n\n<p class=\"wp-block-paragraph\">Vintage dekorasyon, ge\u00e7mi\u015f on y\u0131llara ait mobilyalar\u0131, objeleri ve referanslar\u0131 kullan\u0131r. Bunlar aras\u0131nda vitrinler, antika radyolar, retro koltuklar, miras kalan sofra tak\u0131mlar\u0131, s\u00fcsl\u00fc aynalar, antika lambalar, daktilolar, antika bavullar, klasik tablolar ve \u00e7arp\u0131c\u0131 tasar\u0131ml\u0131 ah\u015fap mobilyalar yer alabilir.<\/p>\n\n\n\n<p class=\"wp-block-paragraph\">Ancak, duygusal de\u011fer ta\u015f\u0131yan dekorasyon, par\u00e7an\u0131n ya\u015f\u0131yla s\u0131n\u0131rl\u0131 de\u011fildir. Duygusal \u00f6neme sahip nesnelere de\u011fer verir. Bu, b\u00fcy\u00fckanne ve b\u00fcy\u00fckbaban\u0131n evinden bir sandalye, bir aile foto\u011fraf\u0131, bir seyahatte al\u0131nan bir vazo, \u00f6zel \u00f6\u011fle yemeklerinde kullan\u0131lan tabaklar veya \u00f6zenle restore edilmi\u015f bir mobilya par\u00e7as\u0131 olabilir.<\/p>\n\n\n\n<p class=\"wp-block-paragraph\">Bu iki kavram bir araya geldi\u011finde, ev ki\u015filik kazan\u0131r. Sadece g\u00fczel olmaktan \u00e7\u0131kar ve hikayeler anlatmaya ba\u015flar.<\/p>\n\n\n\n<h2 class=\"wp-block-heading\">Anlam\u0131 olan par\u00e7alar\u0131 se\u00e7in.<\/h2>\n\n\n\n<p class=\"wp-block-paragraph\">Her antika e\u015fyan\u0131n dekorun bir par\u00e7as\u0131 olmas\u0131 gerekmez. S\u0131k yap\u0131lan bir hata, her \u015feyi sadece eski oldu\u011fu veya \u00f6nemli birinden geldi\u011fi i\u00e7in saklamak ve sergilemektir. Bu, da\u011f\u0131n\u0131kl\u0131\u011fa yol a\u00e7abilir ve evin dar g\u00f6r\u00fcnmesine neden olabilir.<\/p>\n\n\n\n<p class=\"wp-block-paragraph\">G\u00f6rsel, duygusal veya i\u015flevsel de\u011feri ger\u00e7ekten olan par\u00e7alar\u0131 se\u00e7in. Antika bir porselen dolab\u0131 \u00f6zel yemek tak\u0131mlar\u0131n\u0131 saklamak i\u00e7in kullan\u0131labilir. Miras kalan bir \u00e7ekmeceli dolap b\u00fcfe haline gelebilir. Antika bir ayna giri\u015f hol\u00fcn\u00fc g\u00fczelle\u015ftirebilir. Yenilenmi\u015f bir koltuk okuma k\u00f6\u015fesi olu\u015fturabilir.<\/p>\n\n\n\n<p class=\"wp-block-paragraph\">Duygusal bir dekorasyon, evinizi m\u00fczeye d\u00f6n\u00fc\u015ft\u00fcrmek zorunda de\u011fil. \u0130deal olarak, birka\u00e7 \u00f6nemli e\u015fya se\u00e7meli ve onlar\u0131 \u00f6n plana \u00e7\u0131karmal\u0131s\u0131n\u0131z.<\/p>\n\n\n\n<h2 class=\"wp-block-heading\">Antika par\u00e7alar\u0131 modern mobilyalarla bir araya getirin.<\/h2>\n\n\n\n<p class=\"wp-block-paragraph\">Bir evin modas\u0131 ge\u00e7mi\u015f g\u00f6r\u00fcnmesini \u00f6nlemenin en iyi yollar\u0131ndan biri, eski ve yeni stilleri bir araya getirmektir. D\u00f6nemler aras\u0131ndaki z\u0131tl\u0131k denge yarat\u0131r ve ortam\u0131 daha ilgi \u00e7ekici hale getirir.<\/p>\n\n\n\n<p class=\"wp-block-paragraph\">Antika bir masa, modern sandalyelerle e\u015fle\u015ftirilebilir. Eski bir \u00e7ekmeceli dolap, \u00e7a\u011fda\u015f bir kanepenin bulundu\u011fu bir odaya uyum sa\u011flayabilir. Klasik bir ayna, modern bir banyoda kullan\u0131labilir. Ah\u015fap bir vitrin, a\u00e7\u0131k renkli duvarlar ve \u00e7a\u011fda\u015f ayd\u0131nlatman\u0131n yan\u0131nda daha hafif bir g\u00f6r\u00fcn\u00fcm kazanabilir.<\/p>\n\n\n\n<p class=\"wp-block-paragraph\">Bu kar\u0131\u015f\u0131m bilin\u00e7li bir tercihi g\u00f6steriyor. Antika par\u00e7a odada unutulmu\u015f gibi durmuyor, aksine dekoru tamamlamak i\u00e7in se\u00e7ilmi\u015f gibi.<\/p>\n\n\n\n<p class=\"wp-block-paragraph\">Buradaki s\u0131r, t\u00fcm unsurlar\u0131n ayn\u0131 eski moda stile sahip olmas\u0131ndan ka\u00e7\u0131nmakt\u0131r. Z\u0131tl\u0131k oldu\u011funda, vintage g\u00f6r\u00fcn\u00fcm bunalt\u0131c\u0131 olmadan \u00f6ne \u00e7\u0131kar.<\/p>\n\n\n\n<h2 class=\"wp-block-heading\">Tarihi silmeden yeniden canland\u0131r\u0131n.<\/h2>\n\n\n\n<p class=\"wp-block-paragraph\">Antika mobilyalar genellikle onar\u0131ma ihtiya\u00e7 duyar. Bir par\u00e7ay\u0131 restore etmek, onu koruman\u0131n ve g\u00fcn\u00fcm\u00fcz kullan\u0131m\u0131na uyarlaman\u0131n bir yoludur. Bu, z\u0131mparalama, vernikleme, kulplar\u0131 de\u011fi\u015ftirme, yap\u0131y\u0131 g\u00fc\u00e7lendirme, boyama veya yeniden d\u00f6\u015feme gibi i\u015flemleri i\u00e7erebilir.<\/p>\n\n\n\n<p class=\"wp-block-paragraph\">Ancak, par\u00e7an\u0131n tarihinin bir b\u00f6l\u00fcm\u00fcn\u00fc korumak ilgin\u00e7tir. Zaman\u0131n k\u00fc\u00e7\u00fck izleri ona \u00e7ekicilik katabilir. Antika bir mobilya par\u00e7as\u0131n\u0131n g\u00fczel olmas\u0131 i\u00e7in yepyeni g\u00f6r\u00fcnmesi gerekmez.<\/p>\n\n\n\n<p class=\"wp-block-paragraph\">E\u011fer mobilya \u00e7ok koyu veya a\u011f\u0131rsa, a\u00e7\u0131k renkli bir boya g\u00f6r\u00fcn\u00fcm\u00fcn\u00fc modernle\u015ftirebilir. E\u011fer kulplar \u00e7ok eski moda ise, daha sade modeller g\u00f6r\u00fcn\u00fcm\u00fc g\u00fcncelleyebilir. Eski bir koltu\u011fun kuma\u015f\u0131 y\u0131pranm\u0131\u015fsa, yeni bir d\u00f6\u015feme mobilyay\u0131 tamamen d\u00f6n\u00fc\u015ft\u00fcrebilir.<\/p>\n\n\n\n<p class=\"wp-block-paragraph\">Restorasyon, koruma ve yenileme aras\u0131nda bir denge bulmakla ilgilidir.<\/p>\n\n\n\n<h2 class=\"wp-block-heading\">Denge olu\u015fturmak i\u00e7in mevcut renkleri kullan\u0131n.<\/h2>\n\n\n\n<p class=\"wp-block-paragraph\">Renk paleti, vintage dekorasyonu modernize etmede \u00e7ok yard\u0131mc\u0131 olur. Odada \u00e7ok fazla eski, koyu renkli ah\u015fap mobilya, \u00e7ok koyu renkli duvarlar veya \u00e7ok fazla desen varsa, oda a\u011f\u0131r g\u00f6r\u00fcnebilir.<\/p>\n\n\n\n<p class=\"wp-block-paragraph\">S\u0131cak beyaz, bej, kum rengi, a\u00e7\u0131k gri ve k\u0131r\u0131k beyaz gibi n\u00f6tr tonlar, temel renk olarak iyi sonu\u00e7 verir. Mekan\u0131 ayd\u0131nlat\u0131rlar ve antika par\u00e7alar\u0131n nefes almas\u0131n\u0131 sa\u011flarlar.<\/p>\n\n\n\n<p class=\"wp-block-paragraph\">Modern renkleri detaylarda da kullanmak m\u00fcmk\u00fcn. Zeytin ye\u015fili, grimsi mavi, toprak rengi, hardal sar\u0131s\u0131 ve yan\u0131k g\u00fcl rengi, dengeli bir \u015fekilde kullan\u0131ld\u0131\u011f\u0131nda vintage mobilyalarla \u00e7ok iyi uyum sa\u011fl\u0131yor.<\/p>\n\n\n\n<p class=\"wp-block-paragraph\">Do\u011fru renk, eski bir par\u00e7an\u0131n modas\u0131 ge\u00e7mi\u015f de\u011fil, zarif g\u00f6r\u00fcnmesini sa\u011flayabilir.<\/p>\n\n\n\n<h2 class=\"wp-block-heading\">\u00c7ok fazla k\u00fc\u00e7\u00fck e\u015fya bulundurmaktan ka\u00e7\u0131n\u0131n.<\/h2>\n\n\n\n<p class=\"wp-block-paragraph\">Evin \u00e7e\u015fitli yerlerine da\u011f\u0131lm\u0131\u015f bir\u00e7ok k\u00fc\u00e7\u00fck, eski e\u015fya, da\u011f\u0131n\u0131kl\u0131k hissi yaratabilir. K\u00fc\u00e7\u00fck s\u00fcs e\u015fyalar\u0131, tabaklar, resim \u00e7er\u00e7eveleri, hat\u0131ra e\u015fyalar\u0131 ve koleksiyonlar dikkatlice d\u00fczenlenmelidir.<\/p>\n\n\n\n<p class=\"wp-block-paragraph\">Her \u015feyi etrafa da\u011f\u0131tmak yerine, odak noktalar\u0131 olu\u015fturun. B\u00fcfenin \u00fczerindeki bir tepsi, birka\u00e7 e\u015fyan\u0131n bulundu\u011fu bir raf, bir galeri duvar\u0131 veya d\u00fczenli bir vitrin dolab\u0131 iyi se\u00e7eneklerdir.<\/p>\n\n\n\n<p class=\"wp-block-paragraph\">Nesneleri renge, malzemeye veya temaya g\u00f6re grupland\u0131rmak da birlik olu\u015fturmaya yard\u0131mc\u0131 olur. \u00d6rne\u011fin, antika tabaklar bir vitrinde bir araya getirilebilir. Foto\u011fraflar duvarda bir kompozisyon olu\u015fturabilir. Eski kitaplar bir sehpa \u00fczerinde d\u00fczenlenebilir.<\/p>\n\n\n\n<p class=\"wp-block-paragraph\">\u00d6zenle se\u00e7ilmi\u015f e\u015fyalar, duygusal de\u011feri olan dekorasyonlar\u0131 s\u0131radan biriktiricilikten ay\u0131ran \u015feydir.<\/p>\n\n\n\n<h2 class=\"wp-block-heading\">Do\u011fal dokularla birle\u015ftirin.<\/h2>\n\n\n\n<p class=\"wp-block-paragraph\">Antika par\u00e7alar, do\u011fal dokularla bir araya geldi\u011finde \u00e7ok g\u00fczel g\u00f6r\u00fcn\u00fcr. Ah\u015fap, keten, pamuk, saman, seramik, do\u011fal lifler ve bitkiler, ortam\u0131 daha davetkar ve modern hale getirmeye yard\u0131mc\u0131 olur.<\/p>\n\n\n\n<p class=\"wp-block-paragraph\">Eski bir koltuk pamuklu bir \u00f6rt\u00fcyle s\u00fcslenebilir. Antika bir masa seramik bir vazo ta\u015f\u0131yabilir. Miras kalan bir \u00e7ekmeceli dolap b\u00fcy\u00fck bir bitkinin yan\u0131na yerle\u015ftirilebilir. Bir vitrin dolab\u0131, a\u00e7\u0131k renkli duvarlar ve do\u011fal elyaf bir hal\u0131yla yumu\u015fat\u0131labilir.<\/p>\n\n\n\n<p class=\"wp-block-paragraph\">Bu dokular, an\u0131 ve tazelik aras\u0131nda bir denge olu\u015fturuyor. Atmosfer davetkar hale geliyor, ancak a\u011f\u0131r de\u011fil.<\/p>\n\n\n\n<h2 class=\"wp-block-heading\">Eski par\u00e7alara bir ama\u00e7 kazand\u0131r\u0131n.<\/h2>\n\n\n\n<p class=\"wp-block-paragraph\">Eski e\u015fyalar\u0131 entegre etmenin iyi bir yolu, onlara bir i\u015flev kazand\u0131rmakt\u0131r. Eski bir par\u00e7a g\u00fcnl\u00fck olarak kullan\u0131ld\u0131\u011f\u0131nda, art\u0131k sadece bir dekorasyon par\u00e7as\u0131 gibi g\u00f6r\u00fcnmez.<\/p>\n\n\n\n<p class=\"wp-block-paragraph\">Eski bir bavul sehpa olabilir. Bir sand\u0131k battaniyeleri saklamak i\u00e7in kullan\u0131labilir. Ah\u015fap bir merdiven havlu veya bitkiler i\u00e7in destek g\u00f6revi g\u00f6rebilir. Eski bir tepsi parf\u00fcmleri d\u00fczenlemek i\u00e7in kullan\u0131labilir. Miras kalan bir tabak \u00f6zel g\u00fcnlerde kullan\u0131labilir.<\/p>\n\n\n\n<p class=\"wp-block-paragraph\">Dekoratif par\u00e7alar kullanmak, dekoru daha canl\u0131 hale getirir. An\u0131lar\u0131 kutularda saklamak yerine, bu hikayeleri g\u00fcnl\u00fck rutininize dahil edersiniz.<\/p>\n\n\n\n<h2 class=\"wp-block-heading\">A\u015f\u0131r\u0131 temal\u0131 ortamlardan ka\u00e7\u0131n\u0131n.<\/h2>\n\n\n\n<p class=\"wp-block-paragraph\">Antika dekorasyon, dengeli oldu\u011funda en iyi sonucu verir. T\u00fcm mobilyalar, renkler, tablolar, lambalar ve objeler antika ise, ev d\u00f6neme ait bir set gibi g\u00f6r\u00fcnebilir.<\/p>\n\n\n\n<p class=\"wp-block-paragraph\">Bunu \u00f6nlemek i\u00e7in farkl\u0131 stilleri bir araya getirin. Modern ayd\u0131nlatma, a\u00e7\u0131k renkli kuma\u015flar, bitkiler, a\u00e7\u0131k renkli duvarlar ve baz\u0131 \u00e7a\u011fda\u015f mobilyalar kullan\u0131n. Bu \u015fekilde mekan g\u00fcncel kal\u0131r.<\/p>\n\n\n\n<p class=\"wp-block-paragraph\">\u0130deal olarak, evin ge\u00e7mi\u015fte kalm\u0131\u015f bir g\u00f6r\u00fcn\u00fcme sahip olmaktan ziyade, ki\u015fili\u011fi olmal\u0131d\u0131r.<\/p>\n\n\n\n<h2 class=\"wp-block-heading\">\u00c7\u00f6z\u00fcm<\/h2>\n\n\n\n<p class=\"wp-block-paragraph\">Eski ve duygusal dekorasyon, tarih dolu, e\u015fsiz ve davetkar ortamlar yaratman\u0131n g\u00fczel bir yoludur. Antika par\u00e7alar, dengeli bir \u015fekilde kullan\u0131ld\u0131klar\u0131 s\u00fcrece, \u00e7ekicilik, an\u0131lar ve \u00f6zg\u00fcnl\u00fck katabilirler.<\/p>\n\n\n\n<p class=\"wp-block-paragraph\">Evinizin modas\u0131 ge\u00e7mi\u015f g\u00f6r\u00fcnmesini \u00f6nlemek i\u00e7in anlaml\u0131 objeler se\u00e7in, antika ve modern tarzlar\u0131 bir araya getirin, gerekti\u011finde restorasyon yap\u0131n, g\u00fcncel renkleri kullan\u0131n ve k\u00fc\u00e7\u00fck e\u015fyalar\u0131n fazlal\u0131\u011f\u0131ndan ka\u00e7\u0131n\u0131n. Ayr\u0131ca par\u00e7alara i\u015flevsel bir ama\u00e7 kazand\u0131rmak ve onlar\u0131 do\u011fal dokularla birle\u015ftirmek de faydal\u0131 olacakt\u0131r.<\/p>\n\n\n\n<p class=\"wp-block-paragraph\">Duygusal de\u011feri olan bir evin kusursuz olmas\u0131 veya kat\u0131 standartlara uymas\u0131 gerekmez. Hikayeler anlatmal\u0131, i\u00e7inde ya\u015fayanlar\u0131 kar\u015f\u0131lamal\u0131 ve ki\u015fili\u011fi yans\u0131tmal\u0131d\u0131r. Ge\u00e7mi\u015f, dekorasyona \u00f6zenle dahil edildi\u011finde, evi eskitmez. Aksine, her oday\u0131 daha \u00f6zg\u00fcn, zarif ve \u00f6zel k\u0131lar.<\/p>","protected":false},"excerpt":{"rendered":"<p>A decora\u00e7\u00e3o vintage e afetiva ganhou espa\u00e7o porque muitas pessoas querem casas com mais hist\u00f3ria, personalidade e significado. Em vez de ambientes totalmente padronizados, com m\u00f3veis e objetos iguais aos de vitrines, a ideia \u00e9 valorizar pe\u00e7as antigas, lembran\u00e7as de fam\u00edlia, m\u00f3veis herdados, objetos garimpados e itens que carregam mem\u00f3rias. O desafio est\u00e1 no equil\u00edbrio. [&hellip;]<\/p>\n","protected":false},"author":1,"featured_media":1005,"comment_status":"open","ping_status":"open","sticky":false,"template":"","format":"standard","meta":{"footnotes":""},"categories":[32],"tags":[],"class_list":["post-1004","post","type-post","status-publish","format-standard","has-post-thumbnail","category-decoracao"],"_links":{"self":[{"href":"https:\/\/silvadaily.com\/tr\/wp-json\/wp\/v2\/posts\/1004","targetHints":{"allow":["GET"]}}],"collection":[{"href":"https:\/\/silvadaily.com\/tr\/wp-json\/wp\/v2\/posts"}],"about":[{"href":"https:\/\/silvadaily.com\/tr\/wp-json\/wp\/v2\/types\/post"}],"author":[{"embeddable":true,"href":"https:\/\/silvadaily.com\/tr\/wp-json\/wp\/v2\/users\/1"}],"replies":[{"embeddable":true,"href":"https:\/\/silvadaily.com\/tr\/wp-json\/wp\/v2\/comments?post=1004"}],"version-history":[{"count":1,"href":"https:\/\/silvadaily.com\/tr\/wp-json\/wp\/v2\/posts\/1004\/revisions"}],"predecessor-version":[{"id":1006,"href":"https:\/\/silvadaily.com\/tr\/wp-json\/wp\/v2\/posts\/1004\/revisions\/1006"}],"wp:featuredmedia":[{"embeddable":true,"href":"https:\/\/silvadaily.com\/tr\/wp-json\/wp\/v2\/media\/1005"}],"wp:attachment":[{"href":"https:\/\/silvadaily.com\/tr\/wp-json\/wp\/v2\/media?parent=1004"}],"wp:term":[{"taxonomy":"category","embeddable":true,"href":"https:\/\/silvadaily.com\/tr\/wp-json\/wp\/v2\/categories?post=1004"},{"taxonomy":"post_tag","embeddable":true,"href":"https:\/\/silvadaily.com\/tr\/wp-json\/wp\/v2\/tags?post=1004"}],"curies":[{"name":"wp","href":"https:\/\/api.w.org\/{rel}","templated":true}]}}